{"id":125663,"date":"2025-03-05T16:06:34","date_gmt":"2025-03-05T19:06:34","guid":{"rendered":"https:\/\/www.actualidadadiario.com\/?p=125663"},"modified":"2025-03-05T16:06:34","modified_gmt":"2025-03-05T19:06:34","slug":"salud-del-papa-francisco-descanso-bien-durante-la-noche-y-se-mantiene-estable","status":"publish","type":"post","link":"https:\/\/www.actualidadadiario.com\/index.php\/2025\/03\/05\/salud-del-papa-francisco-descanso-bien-durante-la-noche-y-se-mantiene-estable\/","title":{"rendered":"Salud del papa Francisco: descans\u00f3 bien durante la noche y se mantiene estable"},"content":{"rendered":"<p style=\"text-align: center;\"><em><strong>El estado de salud del Pont\u00edfice se mantiene estable aunque sigue en zona cr\u00edtica por los episodios respiratorios que lo afectaron el lunes pasado<\/strong><\/em><\/p>\n<p>&nbsp;<\/p>\n<p>&nbsp;<\/p>\n<p>&#8220;El papa Francisco descans\u00f3 bien durante la noche, se ha despertado poco despu\u00e9s de las 8&#8221;. As\u00ed inform\u00f3 el vaticano este mi\u00e9rcoles por la ma\u00f1ana c\u00f3mo sigue el estado de salud del sumo Pont\u00edfice.<\/p>\n<p>Francisco se encuentra hospitalizado en el Policl\u00ednico Gemelli de Roma desde el pasado 14 de febrero. El \u00faltimo parte m\u00e9dico tambi\u00e9n indic\u00f3 que no present\u00f3 fiebre y que se encuentra consciente, colaborando con las terapias y orientado. Sin embargo, el pron\u00f3stico sigue siendo reservado.<\/p>\n<p>&nbsp;<\/p>\n<p><strong>C\u00f3mo sigue la salud del papa Francisco<\/strong><\/p>\n<p>Ayer, en su habitual comunicaci\u00f3n vespertina a los periodistas, la Sala de Prensa vaticana inform\u00f3 de que &#8220;el estado cl\u00ednico del Santo Padre permanec\u00eda estable&#8221; y que durante la noche, &#8220;como estaba previsto&#8221;, se &#8220;reanudar\u00eda la ventilaci\u00f3n mec\u00e1nica no invasiva hasta&#8221; esta ma\u00f1ana.<\/p>\n<p>La nota precisaba que el Papa &#8220;no present\u00f3 episodios de insuficiencia respiratoria, ni broncoespasmos&#8221;, que &#8220;permaneci\u00f3 apir\u00e9tico, siempre alerta, colaborando con las terapias y orientado\u00bb&#8221;, por la ma\u00f1ana hab\u00eda &#8220;pasado a oxigenoterapia de alto flujo2 y hab\u00eda 2realizado fisioterapia respiratoria&#8221; y \u00abdurante el d\u00eda altern\u00f3 oraci\u00f3n y reposo y esta ma\u00f1ana recibi\u00f3 la Eucarist\u00eda\u00bb.<\/p>\n<p>El cuadro cl\u00ednico tambi\u00e9n era estable en lo que respecta al coraz\u00f3n, los ri\u00f1ones y los valores sangu\u00edneos, pero en una situaci\u00f3n general compleja, con broncoespasmos no inesperados en el contexto de una neumon\u00eda como la del Pont\u00edfice.<\/p>\n<p>Durante la jornada de este martes, Francisco altern\u00f3 el reposo con la oraci\u00f3n y recibi\u00f3 la Eucarist\u00eda. En d\u00edas anteriores, el Vaticano inform\u00f3 que el papa ha seguido trabajando, firmando documentos y realizando nombramientos.<\/p>\n<p>El papa Francisco, de 88 a\u00f1os, fue ingresado el 14 de febrero por una bronquitis con infecci\u00f3n polimicrobiana, a la que posteriormente se sum\u00f3 una neumon\u00eda bilateral.<\/p>\n<p>El lunes, el pont\u00edfice sufri\u00f3 dos episodios de insuficiencia respiratoria aguda, provocados por una importante acumulaci\u00f3n de mucosidad en los bronquios, lo que gener\u00f3 espasmos. Para aliviar la obstrucci\u00f3n, los m\u00e9dicos le practicaron dos broncoscopias con el fin de aspirar las secreciones causadas por la neumon\u00eda.<\/p>\n<p>&nbsp;<\/p>\n<p><strong>Oraciones y preocupaci\u00f3n por la salud del papa Francisco<\/strong><\/p>\n<p>Mientras el papa permanece hospitalizado, en la Plaza de San Pedro se mantiene el rezo del rosario por su salud, que este martes fue presidido por el cardenal brit\u00e1nico Arthur Roche, prefecto del Dicasterio para el Culto Divino.<\/p>\n<p>Adem\u00e1s, el Vaticano anunci\u00f3 que el 9 de marzo, primer domingo de Cuaresma, iniciar\u00e1n los Ejercicios Espirituales, a los que est\u00e1n invitados los miembros de la Curia romana, en \u201ccomuni\u00f3n espiritual con el Santo Padre\u201d.<\/p>\n<p>A la espera de su primera aparici\u00f3n p\u00fablica, fieles de todo el mundo siguen reuni\u00e9ndose a las puertas del hospital Gemelli. El martes, un grupo de argentinos se congreg\u00f3 frente a la estatua de Juan Pablo II para rezar y encender velas, acompa\u00f1ados por una imagen de la Virgen de Luj\u00e1n, patrona de Argentina.<\/p>\n<p>Esta es la cuarta hospitalizaci\u00f3n de Francisco desde 2021 y la m\u00e1s prolongada hasta el momento, lo que ha incrementado la preocupaci\u00f3n sobre su salud, debilitada en los \u00faltimos a\u00f1os por cirug\u00edas en el colon y el abdomen, adem\u00e1s de dificultades para caminar.<\/p>\n","protected":false},"excerpt":{"rendered":"<p>El estado de salud del Pont\u00edfice se mantiene estable aunque sigue en zona cr\u00edtica por los episodios respiratorios que lo afectaron el lunes pasado &nbsp; &nbsp; &#8220;El papa Francisco descans\u00f3 bien durante la noche, se ha despertado poco despu\u00e9s de las 8&#8221;. As\u00ed inform\u00f3 el vaticano este mi\u00e9rcoles por la ma\u00f1ana c\u00f3mo sigue el estado de salud del sumo Pont\u00edfice. Francisco se encuentra hospitalizado en el Policl\u00ednico Gemelli de Roma desde el pasado 14 de febrero. El \u00faltimo parte m\u00e9dico tambi\u00e9n indic\u00f3 que no present\u00f3 fiebre y que se encuentra&#8230;<\/p>\n","protected":false},"author":3,"featured_media":112063,"comment_status":"closed","ping_status":"closed","sticky":false,"template":"","format":"standard","meta":[],"categories":[4],"tags":[],"_links":{"self":[{"href":"https:\/\/www.actualidadadiario.com\/index.php\/wp-json\/wp\/v2\/posts\/125663"}],"collection":[{"href":"https:\/\/www.actualidadadiario.com\/index.php\/wp-json\/wp\/v2\/posts"}],"about":[{"href":"https:\/\/www.actualidadadiario.com\/index.php\/wp-json\/wp\/v2\/types\/post"}],"author":[{"embeddable":true,"href":"https:\/\/www.actualidadadiario.com\/index.php\/wp-json\/wp\/v2\/users\/3"}],"replies":[{"embeddable":true,"href":"https:\/\/www.actualidadadiario.com\/index.php\/wp-json\/wp\/v2\/comments?post=125663"}],"version-history":[{"count":1,"href":"https:\/\/www.actualidadadiario.com\/index.php\/wp-json\/wp\/v2\/posts\/125663\/revisions"}],"predecessor-version":[{"id":125664,"href":"https:\/\/www.actualidadadiario.com\/index.php\/wp-json\/wp\/v2\/posts\/125663\/revisions\/125664"}],"wp:featuredmedia":[{"embeddable":true,"href":"https:\/\/www.actualidadadiario.com\/index.php\/wp-json\/wp\/v2\/media\/112063"}],"wp:attachment":[{"href":"https:\/\/www.actualidadadiario.com\/index.php\/wp-json\/wp\/v2\/media?parent=125663"}],"wp:term":[{"taxonomy":"category","embeddable":true,"href":"https:\/\/www.actualidadadiario.com\/index.php\/wp-json\/wp\/v2\/categories?post=125663"},{"taxonomy":"post_tag","embeddable":true,"href":"https:\/\/www.actualidadadiario.com\/index.php\/wp-json\/wp\/v2\/tags?post=125663"}],"curies":[{"name":"wp","href":"https:\/\/api.w.org\/{rel}","templated":true}]}}