{"id":125658,"date":"2025-03-07T10:53:37","date_gmt":"2025-03-07T13:53:37","guid":{"rendered":"https:\/\/www.actualidadadiario.com\/?p=125658"},"modified":"2025-03-07T15:06:57","modified_gmt":"2025-03-07T18:06:57","slug":"milei-realizara-una-nueva-gira-internacional","status":"publish","type":"post","link":"https:\/\/www.actualidadadiario.com\/index.php\/2025\/03\/07\/milei-realizara-una-nueva-gira-internacional\/","title":{"rendered":"Milei realizar\u00e1 una nueva gira internacional"},"content":{"rendered":"<p style=\"text-align: center;\"><em><strong>El presidente argentino visitar\u00e1 Chile, Espa\u00f1a e Israel donde se reunir\u00e1 con Netanyahu<\/strong><\/em><\/p>\n<p>&nbsp;<\/p>\n<p>&nbsp;<\/p>\n<p>El presidente iniciar\u00e1 su viaje el 20 de marzo en Madrid, donde recibir\u00e1 un premio por su defensa del liberalismo. Tambi\u00e9n planea reuniones con legisladores espa\u00f1oles, aunque no habr\u00e1 encuentros con el gobierno de Pedro S\u00e1nchez.<\/p>\n<p>El presidente Javier Milei ajusta los detalles de su pr\u00f3xima gira internacional, que comenzar\u00e1 el jueves 20 de marzo en Madrid y finalizar\u00e1 el viernes 28 en Israel. Antes de este extenso viaje, tiene previstos dos desplazamientos breves: el s\u00e1bado 8 participar\u00e1 en Mendoza del tradicional festejo de la Vendimia, y el martes 11 viajar\u00e1 a Santiago de Chile para brindar una charla organizada por la plataforma de inversi\u00f3n Vinci Compass.<\/p>\n<p>&nbsp;<\/p>\n<p><strong>Premio en Madrid y reuniones pol\u00edticas<\/strong><\/p>\n<p>Seg\u00fan la agenda preliminar, Milei ser\u00e1 distinguido el 21 de marzo con el premio &#8220;Escuela de Salamanca&#8221;, un reconocimiento otorgado por la Fundaci\u00f3n Club de los Viernes, que promueve el pensamiento liberal. La ceremonia se realizar\u00e1 en el Centro Riojano de Madrid a las 19:00 horas.<\/p>\n<p>Desde la organizaci\u00f3n justificaron la distinci\u00f3n afirmando que Milei &#8220;ha defendido las ideas de la libertad tanto como ciudadano como desde su rol de presidente&#8221;. Tambi\u00e9n destacaron su pol\u00edtica de reducci\u00f3n del gasto y su lucha contra la inflaci\u00f3n.<\/p>\n<p>Durante su estad\u00eda en la capital espa\u00f1ola, el mandatario planea reunirse con diputados afines a su ideolog\u00eda, aunque a\u00fan no hay detalles confirmados sobre los participantes.<\/p>\n<p>&nbsp;<\/p>\n<p><strong>Sin reuniones con el gobierno de S\u00e1nchez<\/strong><\/p>\n<p>Desde el entorno presidencial descartaron cualquier encuentro con funcionarios del gobierno de Pedro S\u00e1nchez, con quien Milei mantiene una relaci\u00f3n tensa. La disputa escal\u00f3 luego de que el presidente argentino llamara &#8220;corrupta&#8221; a la esposa del mandatario espa\u00f1ol, Bego\u00f1a G\u00f3mez, lo que llev\u00f3 al gobierno de Espa\u00f1a a retirar a su embajador en Buenos Aires tras la negativa de Milei a disculparse.<\/p>\n<p>Si bien la agenda del presidente podr\u00eda sufrir modificaciones, su gira por Europa y Medio Oriente buscar\u00e1 fortalecer lazos con aliados ideol\u00f3gicos y consolidar su imagen internacional.<\/p>\n","protected":false},"excerpt":{"rendered":"<p>El presidente argentino visitar\u00e1 Chile, Espa\u00f1a e Israel donde se reunir\u00e1 con Netanyahu &nbsp; &nbsp; El presidente iniciar\u00e1 su viaje el 20 de marzo en Madrid, donde recibir\u00e1 un premio por su defensa del liberalismo. Tambi\u00e9n planea reuniones con legisladores espa\u00f1oles, aunque no habr\u00e1 encuentros con el gobierno de Pedro S\u00e1nchez. El presidente Javier Milei ajusta los detalles de su pr\u00f3xima gira internacional, que comenzar\u00e1 el jueves 20 de marzo en Madrid y finalizar\u00e1 el viernes 28 en Israel. Antes de este extenso viaje, tiene previstos dos desplazamientos breves: el&#8230;<\/p>\n","protected":false},"author":3,"featured_media":115419,"comment_status":"closed","ping_status":"closed","sticky":false,"template":"","format":"standard","meta":[],"categories":[18],"tags":[],"_links":{"self":[{"href":"https:\/\/www.actualidadadiario.com\/index.php\/wp-json\/wp\/v2\/posts\/125658"}],"collection":[{"href":"https:\/\/www.actualidadadiario.com\/index.php\/wp-json\/wp\/v2\/posts"}],"about":[{"href":"https:\/\/www.actualidadadiario.com\/index.php\/wp-json\/wp\/v2\/types\/post"}],"author":[{"embeddable":true,"href":"https:\/\/www.actualidadadiario.com\/index.php\/wp-json\/wp\/v2\/users\/3"}],"replies":[{"embeddable":true,"href":"https:\/\/www.actualidadadiario.com\/index.php\/wp-json\/wp\/v2\/comments?post=125658"}],"version-history":[{"count":1,"href":"https:\/\/www.actualidadadiario.com\/index.php\/wp-json\/wp\/v2\/posts\/125658\/revisions"}],"predecessor-version":[{"id":125659,"href":"https:\/\/www.actualidadadiario.com\/index.php\/wp-json\/wp\/v2\/posts\/125658\/revisions\/125659"}],"wp:featuredmedia":[{"embeddable":true,"href":"https:\/\/www.actualidadadiario.com\/index.php\/wp-json\/wp\/v2\/media\/115419"}],"wp:attachment":[{"href":"https:\/\/www.actualidadadiario.com\/index.php\/wp-json\/wp\/v2\/media?parent=125658"}],"wp:term":[{"taxonomy":"category","embeddable":true,"href":"https:\/\/www.actualidadadiario.com\/index.php\/wp-json\/wp\/v2\/categories?post=125658"},{"taxonomy":"post_tag","embeddable":true,"href":"https:\/\/www.actualidadadiario.com\/index.php\/wp-json\/wp\/v2\/tags?post=125658"}],"curies":[{"name":"wp","href":"https:\/\/api.w.org\/{rel}","templated":true}]}}