{"id":125653,"date":"2025-03-05T15:51:21","date_gmt":"2025-03-05T18:51:21","guid":{"rendered":"https:\/\/www.actualidadadiario.com\/?p=125653"},"modified":"2025-03-05T15:51:21","modified_gmt":"2025-03-05T18:51:21","slug":"macri-reune-al-pro-y-se-aleja-mas-de-la-libertad-avanza","status":"publish","type":"post","link":"https:\/\/www.actualidadadiario.com\/index.php\/2025\/03\/05\/macri-reune-al-pro-y-se-aleja-mas-de-la-libertad-avanza\/","title":{"rendered":"Macri re\u00fane al PRO y se aleja m\u00e1s de La Libertad Avanza"},"content":{"rendered":"<p style=\"text-align: center;\"><em><strong>El expresidente impulsa un frente electoral sin los libertarios en la mayor\u00eda de los distritos. Contacto Ritondo-Abad e intervenci\u00f3n de C\u00f3rdoba y Corrientes<\/strong><\/em><\/p>\n<p>&nbsp;<\/p>\n<p>&nbsp;<\/p>\n<p>Mauricio Macri encabezar\u00e1 esta tarde una reuni\u00f3n del Consejo nacional del PRO para avanzar en la definici\u00f3n de los frentes partidarios que se presentar\u00e1n en cada provincia, adem\u00e1s de formalizar la intervenci\u00f3n del partido en los distritos de C\u00f3rdoba y Corrientes. En su peor momento con La Libertad Avanza de Javier Milei, el expresidente le dio adem\u00e1s su aval a Cristian Ritondo para avanzar con la UCR de Maximiliano Abad en el armado de un frente electoral sin las fuerzas del cielo en la provincia de Buenos Aires.<\/p>\n<p>&#8220;Encuentro por la Provincia&#8221; es el nombre que figura en borrador para esta especie de relanzamiento de Juntos por el Cambio en el principal distrito electoral del pa\u00eds y que podr\u00eda incluir tambi\u00e9n a la Coalici\u00f3n C\u00edvica y a sectores del peronismo no kirchnerista. El 10 de marzo habr\u00e1 una reuni\u00f3n entre Ritondo, presidente del PRO bonaerense, y Maximiliano Abad, jefe pol\u00edtico de la UCR en la provincia, para avanzar en este frente electoral que apunta a obtener &#8220;un piso de 20-25 puntos&#8221; seg\u00fan conf\u00edan algunos de los armadores de ese sector.<\/p>\n<p>&nbsp;<\/p>\n<p><strong>Macri de gira<\/strong><\/p>\n<p>Macri estuvo la semana pasada en Rosario con el gobernador radical Maximiliano Pullaro, luego reuni\u00f3 a la mesa directiva del PRO en la Ciudad de Buenos Aires y adem\u00e1s cruz\u00f3 a Santiago Caputo por la frustrada licitaci\u00f3n de la Hidrov\u00eda durante una recorrida por Arrecifes. El expresidente dej\u00f3 trascender adem\u00e1s que comenzar\u00e1 a recorrer el pa\u00eds de cara a la campa\u00f1a electoral y tambi\u00e9n interviene en los cierres de Salta, Jujuy y San Luis, las provincias que tendr\u00e1n elecciones adelantadas y donde parece cada vez m\u00e1s lejana la posibilidad de que el PRO vaya en alianza con La Libertad Avanza.<\/p>\n<p>En San Luis, Claudio Poggi mantendr\u00eda la formaci\u00f3n de partido que lo llev\u00f3 al poder con el PRO y la UCR, mientras que en Jujuy el gobernador radical Carlos Sadir tambi\u00e9n podr\u00eda reciclar el frente de Juntos por el Cambio. Las acusaciones contra Macri por el fracaso de la licitaci\u00f3n de la Hidrov\u00eda, el esc\u00e1ndalo de la cripto estafa y el descalabro institucional generado con la designaci\u00f3n por decreto de dos jueces en la Corte Suprema, hicieron que el partido de Macri se reagrupara y se frenaran las fugas de dirigentes hacia La Libertad Avanza.<\/p>\n<p>&nbsp;<\/p>\n<p><strong>Dudas con La Libertad Avanza<\/strong><\/p>\n<p>Sin embargo, en provincia de Buenos Aires sigue abierta la posibilidad de un acuerdo a partir de la gestiones de figuras como Diego Santilli y Guillermo Montenegro, intendente de Mar del Plata, para conformar un frente que compita sin dividir el voto ante Axel Kicillof. &#8220;Un mal acuerdo es mejor que la falta de un acuerdo&#8221;, repiten como un mantra desde el sector de los acuerdistas. En otros distritos donde gobierna el PRO como Entre R\u00edos, con Rogelio Frigerio, o Chubut, con Ignacio Torres, tampoco est\u00e1n cerrados a un acuerdo de partido a partido con La Libertad Avanza para no fracturar el voto frente al peronismo.<\/p>\n<p>En la Ciudad de Buenos Aires, PRO y La Libertad Avanza mantiene una guerra a cielo abierto. Karina Milei mand\u00f3 a votar en contra el Presupuesto 2025 de Jorge Macri y mantiene un asedio pol\u00edtico sobre la gesti\u00f3n del jefe de Gobierno porte\u00f1o por la fuga de presos de las comisar\u00edas de la Ciudad.<\/p>\n<p>En el encuentro de este mi\u00e9rcoles, previsto para las 15:00 en el local partidario de la calle Balcarce en el centro porte\u00f1o, estar\u00e1n adem\u00e1s de Mauricio Macri, los jefes de los partidos en las provincias. Alejandro Finocchiaro (Tucum\u00e1n), Gisela Scaglia (Santa Fe), Enzo Cornejo (San Juan), Marcos Amarilla (Formosa), Martin Adhornain (La Pampa), Juan Martin (R\u00edo Negro), Marcelo Berm\u00fadez (Neuqu\u00e9n), Federico Fonzar (San Luis), Ernesto Blasco (Chaco), Luis Steciuk (Misiones), Julio Sahad (La Rioja), Gabriel Pradines (Mendoza), Gabriel Santill\u00e1n (Santiago del Estero) y Mart\u00edn G\u00f3mez (Chubut) ser\u00e1n algunos de los presentes.<\/p>\n<p>La reuni\u00f3n ser\u00e1 coronada con un asado en zona norte donde Macri dar\u00e1 la arenga final a su tropa para salir a definir los armados electorales 2025 en cada una de las provincias.<\/p>\n","protected":false},"excerpt":{"rendered":"<p>El expresidente impulsa un frente electoral sin los libertarios en la mayor\u00eda de los distritos. Contacto Ritondo-Abad e intervenci\u00f3n de C\u00f3rdoba y Corrientes &nbsp; &nbsp; Mauricio Macri encabezar\u00e1 esta tarde una reuni\u00f3n del Consejo nacional del PRO para avanzar en la definici\u00f3n de los frentes partidarios que se presentar\u00e1n en cada provincia, adem\u00e1s de formalizar la intervenci\u00f3n del partido en los distritos de C\u00f3rdoba y Corrientes. En su peor momento con La Libertad Avanza de Javier Milei, el expresidente le dio adem\u00e1s su aval a Cristian Ritondo para avanzar con&#8230;<\/p>\n","protected":false},"author":3,"featured_media":108295,"comment_status":"closed","ping_status":"closed","sticky":false,"template":"","format":"standard","meta":[],"categories":[18],"tags":[],"_links":{"self":[{"href":"https:\/\/www.actualidadadiario.com\/index.php\/wp-json\/wp\/v2\/posts\/125653"}],"collection":[{"href":"https:\/\/www.actualidadadiario.com\/index.php\/wp-json\/wp\/v2\/posts"}],"about":[{"href":"https:\/\/www.actualidadadiario.com\/index.php\/wp-json\/wp\/v2\/types\/post"}],"author":[{"embeddable":true,"href":"https:\/\/www.actualidadadiario.com\/index.php\/wp-json\/wp\/v2\/users\/3"}],"replies":[{"embeddable":true,"href":"https:\/\/www.actualidadadiario.com\/index.php\/wp-json\/wp\/v2\/comments?post=125653"}],"version-history":[{"count":1,"href":"https:\/\/www.actualidadadiario.com\/index.php\/wp-json\/wp\/v2\/posts\/125653\/revisions"}],"predecessor-version":[{"id":125654,"href":"https:\/\/www.actualidadadiario.com\/index.php\/wp-json\/wp\/v2\/posts\/125653\/revisions\/125654"}],"wp:featuredmedia":[{"embeddable":true,"href":"https:\/\/www.actualidadadiario.com\/index.php\/wp-json\/wp\/v2\/media\/108295"}],"wp:attachment":[{"href":"https:\/\/www.actualidadadiario.com\/index.php\/wp-json\/wp\/v2\/media?parent=125653"}],"wp:term":[{"taxonomy":"category","embeddable":true,"href":"https:\/\/www.actualidadadiario.com\/index.php\/wp-json\/wp\/v2\/categories?post=125653"},{"taxonomy":"post_tag","embeddable":true,"href":"https:\/\/www.actualidadadiario.com\/index.php\/wp-json\/wp\/v2\/tags?post=125653"}],"curies":[{"name":"wp","href":"https:\/\/api.w.org\/{rel}","templated":true}]}}