{"id":125650,"date":"2025-03-05T15:50:34","date_gmt":"2025-03-05T18:50:34","guid":{"rendered":"https:\/\/www.actualidadadiario.com\/?p=125650"},"modified":"2025-03-05T15:50:34","modified_gmt":"2025-03-05T18:50:34","slug":"adorni-quiere-que-la-gente-elija-que-periodistas-preguntan-en-las-conferencias-de-prensa","status":"publish","type":"post","link":"https:\/\/www.actualidadadiario.com\/index.php\/2025\/03\/05\/adorni-quiere-que-la-gente-elija-que-periodistas-preguntan-en-las-conferencias-de-prensa\/","title":{"rendered":"Adorni quiere que \u201cla gente\u201d elija qu\u00e9 periodistas preguntan en las conferencias de prensa"},"content":{"rendered":"<p style=\"text-align: center;\"><em><strong>El vocero presidencial, Manuel Adorni, se refiri\u00f3 al contrapunto entre el diputado Facundo Manes y Santiago Caputo y a la reglas que piensa imponer en las conferencias de prensa<\/strong><\/em><\/p>\n<p>&nbsp;<\/p>\n<p>&nbsp;<\/p>\n<p>El vocero presidencial Manuel Adorni se refiri\u00f3 esta ma\u00f1ana en su habitual conferencia de prensa al enfrentamiento entre el diputado radical Facundo Manes y Santiago Caputo, asesor clave del presidente Javier Milei, ocurrido el pasado s\u00e1bado durante la apertura de sesiones ordinarias en el Congreso de la Naci\u00f3n. El cruce, que comenz\u00f3 en el recinto y continu\u00f3 en los pasillos, escal\u00f3 hasta derivar en una denuncia penal presentada hoy por Manes contra Caputo por &#8220;amenazas coactivas&#8221; en los tribunales de Comodoro Py.<\/p>\n<p>En la conferencia de prensa, Adorni sali\u00f3 en defensa de Caputo y carg\u00f3 duramente contra el diputado radical. &#8220;Es lamentable que se utilice un recurso judicial para incentivar el show que vino a proponer el diputado kirchnerista Facundo Manes&#8221;, expres\u00f3 el vocero. Adem\u00e1s, Adorni acus\u00f3 a Manes de ser el agresor en el conflicto: &#8220;Porque, de hecho, \u00e9l agrede&#8221;, afirm\u00f3, refiri\u00e9ndose a la actitud del diputado durante la sesi\u00f3n.<\/p>\n<p>Adorni tambi\u00e9n critic\u00f3 el comportamiento de Manes en el recinto: &#8220;Se la pas\u00f3 toda la sesi\u00f3n hablando o intentando hablar sobre las palabras del presidente de la naci\u00f3n, lo cual es de por s\u00ed una enorme falta de respeto a la investidura presidencial y, en definitiva, a todos los que est\u00e1bamos escuchando al presidente de la naci\u00f3n, presidente que, por supuesto, eligi\u00f3 la gran mayor\u00eda de los argentinos con su voto&#8221;, se\u00f1al\u00f3.<\/p>\n<p>El vocero no escatim\u00f3 en calificativos hacia el diputado: &#8220;As\u00ed que lo del diputado Manes la verdad, que es una es absolutamente lamentable&#8221;, insisti\u00f3, y subray\u00f3 la postura oficialista de rechazo a la denuncia y a la actitud del legislador. Adem\u00e1s, Adorni hizo referencia al calendario electoral como una posible soluci\u00f3n al conflicto: &#8220;Lo bueno, es que este a\u00f1o hay elecciones&#8221;, dijo, y agreg\u00f3: &#8220;En tal caso es ah\u00ed donde se validan o no cada uno de los lugares y de los cargos, as\u00ed que muy triste la actitud del neur\u00f3logo Manes&#8221;.<\/p>\n<p>&nbsp;<\/p>\n<p><strong>El bot\u00f3n muteador para periodistas<\/strong><\/p>\n<p>El vocero presidencial confirm\u00f3 que eval\u00faa implementar un \u201cbot\u00f3n muteador\u201d para periodistas que \u201cse excedan\u201c en las conferencias de prensa. \u201cMe parece divertido\u201d, respondi\u00f3 cuando le preguntaron por esta idea. Y agreg\u00f3 que analiza \u201calg\u00fan esquema donde los periodistas sean elegidos por la gente\u201d.<\/p>\n<p>\u201cEstamos pensando en alg\u00fan esquema donde los periodistas sean elegidos por la gente. Qui\u00e9nes est\u00e9n y qui\u00e9nes no est\u00e9n. Para que la gente se sienta representada, se sienta informada y que ustedes [por los periodistas que participan de las conferencias de prensa en la Casa Rosada] ac\u00e1 sientan que pueden hacer el mejor trabajo para sus medios y en definitiva para la gente, porque no est\u00e1n ac\u00e1 por otra cosa que porque del otro lado hay alguien que los lee o los escucha\u201d, dijo el vocero en la conferencia de esta ma\u00f1ana.<\/p>\n<p>\u201cMi idea es que la sala de prensa sea cada vez m\u00e1s profesional, est\u00e9n m\u00e1s c\u00f3modos, se los escuche. Dentro de esto tiene que estar la libertad de expresi\u00f3n. Estoy por sacar una resoluci\u00f3n con algunos cambios en la casa\u201d.<\/p>\n<p>Seg\u00fan Adorni, el \u201cbot\u00f3n muteador\u201d es para que \u201cno pase m\u00e1s\u201d que \u201cle arranquen el micr\u00f3fono de la mano a gente que trabaja en Casa Rosada\u201d. Y agreg\u00f3: \u201cLo importante es la informaci\u00f3n, no el ida y vuelta con el periodismo\u201d.<\/p>\n<p>&nbsp;<\/p>\n<p><strong>Designaci\u00f3n de Ariel Lijo en la Corte Suprema: \u201cNo me pongan a analizar lo que dice el kirchnerismo\u201d<\/strong><\/p>\n<p>El vocero se expres\u00f3 tambi\u00e9n respecto de la designaci\u00f3n del juez Ariel Lijo en la Corte Suprema de Justicia. &#8220;Lo mismo que contest\u00e9 creo que el mi\u00e9rcoles pasado, ante una pregunta similar, se cumpli\u00f3 todo lo que cre\u00edmos desde que el presidente nomin\u00f3 a ambos jueces&#8221;.<\/p>\n<p>Sobre el tema indic\u00f3 que: &#8220;El poder legislativo tuvo su tiempo para la evaluaci\u00f3n de los pliegos, no habi\u00e9ndose avanzado en un tema tan cr\u00edtico como este y como lo hab\u00edamos anticipado, que el presidente iba a nombrarlos en comisi\u00f3n en tanto en cuanto lo considere necesario&#8221;.<\/p>\n<p>El vocero justific\u00f3 la urgencia de la decisi\u00f3n: &#8220;Y lo cierto es que la Corte no pod\u00eda seguir funcionando con tres miembros&#8221;.<\/p>\n<p>Adorni insisti\u00f3 en la legalidad del procedimiento: &#8220;As\u00ed que no deber\u00eda haber ning\u00fan tipo de inconveniente en virtud de que todo se ha hecho de acuerdo a la Constituci\u00f3n y a la reglamentaci\u00f3n vigente&#8221;.<\/p>\n<p>Ante la repregunta respecto a un posible pedido de sesi\u00f3n extraordinaria pedido por el kirchnerismo para invalidar la designaci\u00f3n, el vocero fue tajante: &#8220;Bueno, el kirchnerismo dice cualquier cosa. No me pongan a analizar las cosas que dice el kirchnerismo porque me parecen absolutamente irrelevantes&#8221;.<\/p>\n<p>&nbsp;<\/p>\n<p><strong>Indicadores econ\u00f3micos<\/strong><\/p>\n<p>En otro orden de cosas, Adorni dedic\u00f3 gran parte de su conferencia a informar sobre indicadores econ\u00f3micos positivos y nuevas medidas del Gobierno nacional. &#8220;En primer lugar, hacer menci\u00f3n algunos indicadores econ\u00f3micos que reflejan el crecimiento de la econom\u00eda&#8221;, comenz\u00f3 Adorni, antes de detallar cifras del sector agropecuario: &#8220;Las liquidaciones del sector agropecuario crecieron el 5,2% en febrero respecto del mes anterior, alcanzaron los 2181 millones de d\u00f3lares, de acuerdo a la C\u00e1mara de la Industria Aceitera de la Rep\u00fablica Argentina y el Centro de Exportadores de Cereales&#8221;.<\/p>\n<p>El vocero relacion\u00f3 estos datos con recientes pol\u00edticas econ\u00f3micas: &#8220;Cabe recordar que estas cifras tienen lugar luego de la entrada en vigencia el decreto 38\/25, que implica la baja de los derechos de exportaci\u00f3n para el complejo cereal oleaginosa&#8221;.<\/p>\n<p>Tambi\u00e9n destac\u00f3 el desempe\u00f1o general de la econom\u00eda: &#8220;Adem\u00e1s, la actividad econ\u00f3mica registr\u00f3 en enero un crecimiento del 4,3% interanual, y un 0,6 en relaci\u00f3n a diciembre&#8221;.<\/p>\n<p>Adorni se refiri\u00f3 al sector de las peque\u00f1as y medianas empresas: &#8220;Las exportaciones pymes crecieron en un 22% en d\u00f3lares en enero de forma interanual, alcanzando los 755 millones de d\u00f3lares, y aumentaron un 10,7% en toneladas, llegando a las 580.821 toneladas, de acuerdo a la Confederaci\u00f3n Argentina de la Mediana Empresa, m\u00e1s conocida como CAME&#8221;.<\/p>\n<p>&nbsp;<\/p>\n<p><strong>Nuevas medidas del Ministerio de Capital Humano<\/strong><\/p>\n<p>Adorni tambi\u00e9n abord\u00f3 una controversia judicial: &#8220;Les quiero contar tambi\u00e9n que el Ministerio de Capital Humano va a apelar la decisi\u00f3n del juez Mart\u00edn Cormick, quien hizo lugar una medida cautelar que le impide al Gobierno suspender los programas sociales de aquellos beneficiarios que participen en protestas, interrumpan la circulaci\u00f3n o est\u00e9n involucrados en actos de violencia que alteren el orden p\u00fablico&#8221;.<\/p>\n<p>El vocero relat\u00f3 el argumento del juez: &#8220;Seg\u00fan el juez, los criterios de exclusi\u00f3n de los programas volver al trabajo y acompa\u00f1amiento social establecidos por el Gobierno tendr\u00edan supuestos indicios de ilegitimidad por atentar contra el derecho a ser o\u00eddo, lo que generar\u00eda un da\u00f1o irreparable en las personas que atraviesan una situaci\u00f3n de vulnerabilidad&#8221;.<\/p>\n<p>Adorni rechaz\u00f3 esta interpretaci\u00f3n: &#8220;S\u00f3lo para aclarar que ninguno de estos derechos es vulnerado y que esta decisi\u00f3n lo \u00fanico que logra es beneficiar a las mafias que extorsionan a los pobres, oblig\u00e1ndolos a ir a una marcha a cambio de un plan social&#8221;. Y enfatiz\u00f3: &#8220;El verdadero da\u00f1o irreparable es que los amigos de la pol\u00edtica se apropien de sus recursos y los utilicen para extorsionar&#8221;. Y agreg\u00f3: &#8220;El Gobierno va a seguir trabajando para que la pol\u00edtica social se lleve adelante sin intermediarios y para que la ayuda vaya directa a quien realmente lo necesite&#8221;.<\/p>\n<p>En este sentido, anunci\u00f3 cambios en el Ministerio de Capital Humano: &#8220;En este sentido, incluso y en el marco de la reorganizaci\u00f3n del Ministerio de Capital Humano y por iniciativa del Ministerio de Desregulaci\u00f3n y Transformaci\u00f3n del Estado, liderado por el riguroso Federico Sturzenegger, se eliminaron la subsecretar\u00eda de Innovaci\u00f3n en Econom\u00eda Solidaria y la Subsecretar\u00eda de Pol\u00edticas Sociales&#8221;.<\/p>\n<p>&#8220;En su lugar va a funcionar la Subsecretar\u00eda de Promoci\u00f3n Humana, con un enfoque en la transferencia directa y sin intermediarios, bueno, esquema este o metodolog\u00eda que hemos pregonado desde el inicio de la gesti\u00f3n&#8221;, afirm\u00f3 el vocero presidencial.<\/p>\n<p>Adorni detall\u00f3 el pasado de las \u00e1reas eliminadas: &#8220;La Subsecretar\u00eda eliminada, que anteriormente era la Secretar\u00eda de Econom\u00eda Social a cargo del recordado Emilio P\u00e9rsico, manejaba millonarios subsidios destinados a cooperativas con las que se encontraba aparentemente vinculado, motivo por el cual fue denunciado y actualmente es investigado por la Justicia Federal penal por delitos como fraude a la administraci\u00f3n p\u00fablica, tr\u00e1fico de influencias, abuso de autoridad y violaci\u00f3n de los deberes de funcionario p\u00fablico&#8221;. Y a\u00f1adi\u00f3: &#8220;El \u00e1rea contaba con m\u00e1s de 1900 empleados y programas superpuestos&#8221;. Y describi\u00f3 el nuevo enfoque: &#8220;A partir de ahora, la nueva Subsecretar\u00eda de Promoci\u00f3n Humana se enfocar\u00e1 exclusivamente en programas esenciales para garantizar la alimentaci\u00f3n y la asistencia social&#8221;.<\/p>\n<p>El vocero cerr\u00f3 este punto con una met\u00e1fora conocida: &#8220;Como todos saben, la motosierra es infinita, especialmente cuando se trata de avanzar contra los gerentes de la pobreza&#8221;.<\/p>\n<p>Finalmente, Adorni cerr\u00f3 con un mensaje para el gobernador Kicillof: &#8220;Por \u00faltimo, destacar la decisi\u00f3n del Gobierno de la provincia de Buenos Aires, quien manifest\u00f3 que le descontar\u00e1 el d\u00eda a los docentes que realicen paro este mi\u00e9rcoles porque, como dijo incluso un diputado, el coraje no es la ausencia de miedo, es ir para adelante con miedo&#8221;.<\/p>\n","protected":false},"excerpt":{"rendered":"<p>El vocero presidencial, Manuel Adorni, se refiri\u00f3 al contrapunto entre el diputado Facundo Manes y Santiago Caputo y a la reglas que piensa imponer en las conferencias de prensa &nbsp; &nbsp; El vocero presidencial Manuel Adorni se refiri\u00f3 esta ma\u00f1ana en su habitual conferencia de prensa al enfrentamiento entre el diputado radical Facundo Manes y Santiago Caputo, asesor clave del presidente Javier Milei, ocurrido el pasado s\u00e1bado durante la apertura de sesiones ordinarias en el Congreso de la Naci\u00f3n. El cruce, que comenz\u00f3 en el recinto y continu\u00f3 en los&#8230;<\/p>\n","protected":false},"author":3,"featured_media":125651,"comment_status":"closed","ping_status":"closed","sticky":false,"template":"","format":"standard","meta":[],"categories":[18],"tags":[],"_links":{"self":[{"href":"https:\/\/www.actualidadadiario.com\/index.php\/wp-json\/wp\/v2\/posts\/125650"}],"collection":[{"href":"https:\/\/www.actualidadadiario.com\/index.php\/wp-json\/wp\/v2\/posts"}],"about":[{"href":"https:\/\/www.actualidadadiario.com\/index.php\/wp-json\/wp\/v2\/types\/post"}],"author":[{"embeddable":true,"href":"https:\/\/www.actualidadadiario.com\/index.php\/wp-json\/wp\/v2\/users\/3"}],"replies":[{"embeddable":true,"href":"https:\/\/www.actualidadadiario.com\/index.php\/wp-json\/wp\/v2\/comments?post=125650"}],"version-history":[{"count":1,"href":"https:\/\/www.actualidadadiario.com\/index.php\/wp-json\/wp\/v2\/posts\/125650\/revisions"}],"predecessor-version":[{"id":125652,"href":"https:\/\/www.actualidadadiario.com\/index.php\/wp-json\/wp\/v2\/posts\/125650\/revisions\/125652"}],"wp:featuredmedia":[{"embeddable":true,"href":"https:\/\/www.actualidadadiario.com\/index.php\/wp-json\/wp\/v2\/media\/125651"}],"wp:attachment":[{"href":"https:\/\/www.actualidadadiario.com\/index.php\/wp-json\/wp\/v2\/media?parent=125650"}],"wp:term":[{"taxonomy":"category","embeddable":true,"href":"https:\/\/www.actualidadadiario.com\/index.php\/wp-json\/wp\/v2\/categories?post=125650"},{"taxonomy":"post_tag","embeddable":true,"href":"https:\/\/www.actualidadadiario.com\/index.php\/wp-json\/wp\/v2\/tags?post=125650"}],"curies":[{"name":"wp","href":"https:\/\/api.w.org\/{rel}","templated":true}]}}