{"id":125644,"date":"2025-03-05T15:48:01","date_gmt":"2025-03-05T18:48:01","guid":{"rendered":"https:\/\/www.actualidadadiario.com\/?p=125644"},"modified":"2025-03-05T15:48:01","modified_gmt":"2025-03-05T18:48:01","slug":"carrio-critico-el-vinculo-de-milei-con-eeuu-es-un-bufon-de-trump","status":"publish","type":"post","link":"https:\/\/www.actualidadadiario.com\/index.php\/2025\/03\/05\/carrio-critico-el-vinculo-de-milei-con-eeuu-es-un-bufon-de-trump\/","title":{"rendered":"Carri\u00f3 critic\u00f3 el v\u00ednculo de Milei con EEUU: &#8220;Es un buf\u00f3n de Trump&#8221;"},"content":{"rendered":"<p style=\"text-align: center;\"><em><strong>La ex diputada y fundadora de la Coalici\u00f3n C\u00edvica analiz\u00f3 el proceso pol\u00edtico de la Argentina con la irrupci\u00f3n de Milei y lo compar\u00f3 con Trump. &#8220;Es la combinaci\u00f3n de capitalismo salvaje, autoritarismo por v\u00eda de la ultraderecha e inteligencia artificial&#8221;, sostuvo<\/strong><\/em><\/p>\n<p>&nbsp;<\/p>\n<p>&nbsp;<\/p>\n<p>La ex diputada nacional y fundadora de la Coalici\u00f3n C\u00edvica, Elisa Carri\u00f3, sostuvo que el presidente Javier Milei es un &#8220;buf\u00f3n&#8221; de su par de los Estados Unidos, Donald Trump, con quien el mandatario argentino mantiene un estrecho v\u00ednculo desde hace meses.<\/p>\n<p>Consultada por el diario El Pa\u00eds de Espa\u00f1a, Carri\u00f3 analiz\u00f3 el proceso pol\u00edtico de la Argentina con la irrupci\u00f3n de Milei y lo compar\u00f3 con Trump: &#8220;Es la combinaci\u00f3n de capitalismo salvaje, autoritarismo por v\u00eda de la ultraderecha e inteligencia artificial&#8221;.<\/p>\n<p>&#8220;Trump es un retroceso en materia de las rep\u00fablicas democr\u00e1ticas por su crueldad, su car\u00e1cter extorsionador y mesi\u00e1nico. Es una calamidad hist\u00f3rica. No representa ning\u00fan valor de Occidente. Representa los valores premodernos, absolutistas, de la pol\u00edtica de la crueldad&#8221;, reflexion\u00f3.<\/p>\n<p>Para Carri\u00f3, el espect\u00e1culo que dio Milei\u00a0 en la Conferencia de Acci\u00f3n Pol\u00edtica Conservadora (CPAC) &#8220;d\u00e1ndole la motosierra a Elon Musk y en la reuni\u00f3n con Trump fue el espect\u00e1culo de buf\u00f3n&#8221; y remat\u00f3 sobre Milei: &#8220;Es un buf\u00f3n de Trump&#8221;.<\/p>\n<p>&#8220;Ellos est\u00e1n pensando en una gobernanza mundial olig\u00e1rquica. Trump viola las leyes de Estados Unidos, los tratados de derechos humanos de Naciones Unidas. Milei hace lo mismo y produce una estafa piramidal&#8221;, concluy\u00f3 la ex legisladora.<\/p>\n","protected":false},"excerpt":{"rendered":"<p>La ex diputada y fundadora de la Coalici\u00f3n C\u00edvica analiz\u00f3 el proceso pol\u00edtico de la Argentina con la irrupci\u00f3n de Milei y lo compar\u00f3 con Trump. &#8220;Es la combinaci\u00f3n de capitalismo salvaje, autoritarismo por v\u00eda de la ultraderecha e inteligencia artificial&#8221;, sostuvo &nbsp; &nbsp; La ex diputada nacional y fundadora de la Coalici\u00f3n C\u00edvica, Elisa Carri\u00f3, sostuvo que el presidente Javier Milei es un &#8220;buf\u00f3n&#8221; de su par de los Estados Unidos, Donald Trump, con quien el mandatario argentino mantiene un estrecho v\u00ednculo desde hace meses. Consultada por el diario&#8230;<\/p>\n","protected":false},"author":3,"featured_media":125645,"comment_status":"closed","ping_status":"closed","sticky":false,"template":"","format":"standard","meta":[],"categories":[18],"tags":[],"_links":{"self":[{"href":"https:\/\/www.actualidadadiario.com\/index.php\/wp-json\/wp\/v2\/posts\/125644"}],"collection":[{"href":"https:\/\/www.actualidadadiario.com\/index.php\/wp-json\/wp\/v2\/posts"}],"about":[{"href":"https:\/\/www.actualidadadiario.com\/index.php\/wp-json\/wp\/v2\/types\/post"}],"author":[{"embeddable":true,"href":"https:\/\/www.actualidadadiario.com\/index.php\/wp-json\/wp\/v2\/users\/3"}],"replies":[{"embeddable":true,"href":"https:\/\/www.actualidadadiario.com\/index.php\/wp-json\/wp\/v2\/comments?post=125644"}],"version-history":[{"count":1,"href":"https:\/\/www.actualidadadiario.com\/index.php\/wp-json\/wp\/v2\/posts\/125644\/revisions"}],"predecessor-version":[{"id":125646,"href":"https:\/\/www.actualidadadiario.com\/index.php\/wp-json\/wp\/v2\/posts\/125644\/revisions\/125646"}],"wp:featuredmedia":[{"embeddable":true,"href":"https:\/\/www.actualidadadiario.com\/index.php\/wp-json\/wp\/v2\/media\/125645"}],"wp:attachment":[{"href":"https:\/\/www.actualidadadiario.com\/index.php\/wp-json\/wp\/v2\/media?parent=125644"}],"wp:term":[{"taxonomy":"category","embeddable":true,"href":"https:\/\/www.actualidadadiario.com\/index.php\/wp-json\/wp\/v2\/categories?post=125644"},{"taxonomy":"post_tag","embeddable":true,"href":"https:\/\/www.actualidadadiario.com\/index.php\/wp-json\/wp\/v2\/tags?post=125644"}],"curies":[{"name":"wp","href":"https:\/\/api.w.org\/{rel}","templated":true}]}}