{"id":125641,"date":"2025-03-05T15:46:41","date_gmt":"2025-03-05T18:46:41","guid":{"rendered":"https:\/\/www.actualidadadiario.com\/?p=125641"},"modified":"2025-03-05T15:46:41","modified_gmt":"2025-03-05T18:46:41","slug":"el-estado-desconocio-su-responsabilidad-por-la-represion-del-2001","status":"publish","type":"post","link":"https:\/\/www.actualidadadiario.com\/index.php\/2025\/03\/05\/el-estado-desconocio-su-responsabilidad-por-la-represion-del-2001\/","title":{"rendered":"El Estado desconoci\u00f3 su responsabilidad por la represi\u00f3n del 2001"},"content":{"rendered":"<p style=\"text-align: center;\"><em><strong>El Gobierno modific\u00f3 la postura que manten\u00eda Argentina desde 2014. Las cr\u00edticas del CELS y el reclamo por la violencia institucional frente a la protesta social<\/strong><\/em><\/p>\n<p>&nbsp;<\/p>\n<p>&nbsp;<\/p>\n<p>El Estado argentino borra con el codo lo que escribe con la mano. Ante representantes de la Comisi\u00f3n Interamericana de Derechos Humanos, el secretario de Derechos Humanos argentino, Alberto Ba\u00f1os, retir\u00f3 el reconocimiento de responsabilidad sobre la represi\u00f3n del 2001 que hab\u00eda asumido en 2024, con el argumento de que no era La Libertad Avanza quien gobernaba. El Centro de Estudios Legales y Sociales solicit\u00f3 al organismo internacional que determine la responsabilidad del Estado argentino sobre aquellas muertes, que significaron violaciones a los derechos humanos, pero tambi\u00e9n que le pida al Gobierno reformas a la legislaci\u00f3n sobre la protesta social y que regule el uso de la fuerza en contextos de manifestaciones. &#8220;Espero que nadie m\u00e1s tenga que sufrir lo que nosotros sufrimos. Que nadie que exprese su descontento reciba un balazo en el pecho\u201d, testimoni\u00f3 la familiar de una de las v\u00edctimas de aquella represi\u00f3n letal que asesin\u00f3 a 39 personas en todo el pa\u00eds.<\/p>\n<p>\u201cLa represi\u00f3n del 19 y 20 de diciembre de 2001 fue un ataque a la democracia\u201d, concluy\u00f3 el Centro de Estudios Legales y Sociales (CELS), organismo que representa ante la justicia local y organismos internacionales a las familias de algunas de las personas asesinadas durante la respuesta que el Estado argentino, en manos del gobierno de Fernando De la R\u00faa, impuso mientras le exig\u00edan en las calles que renuncie. El lunes, en el marco de una audiencia por el caso, insisti\u00f3 ante la CIDH en que, a pesar de que pasaron casi 25 a\u00f1os, el tema es actual: \u201cEl derecho a la protesta no puede ser tratado como un problema de seguridad del Estado. Desde diciembre de 2023 el gobierno busca restringir el derecho a manifestarse\u201d, se\u00f1alaron desde el organismo a trav\u00e9s del comunicado posterior a la audiencia.<\/p>\n<p>En primer lugar, las comisionadas interamericanas oyeron a Mar\u00eda Arena y Karina Lamagna, familiares de v\u00edctimas de la respuesta criminal a la pueblada que signific\u00f3 el fin del gobierno de la Alianza, peticionarias junto al CELS ante la CIDH sobre la falta de respuesta de parte del Estado argentino ante los cr\u00edmenes cometidos durante el 19 y 20 de 2001.<\/p>\n<p>&#8220;La forma de reprimir fue completamente desproporcionada porque del otro lado hab\u00eda s\u00f3lo manifestantes desarmados que estaban protestando. Las balas de la polic\u00eda hirieron y mataron. Hicieron lo que les permitieron&#8221;, declar\u00f3 Arena, quien recalc\u00f3 ante los comisionadas: &#8220;No me quiero quedar con la sensaci\u00f3n de que la justicia es injusta. Quiero que mis hijos puedan saber qui\u00e9n mat\u00f3 a su pap\u00e1&#8221;.<\/p>\n<p>&#8220;Espero que nadie m\u00e1s tenga que sufrir lo que nosotros sufrimos. Que nadie que exprese su descontento reciba un balazo en el pecho. Que la justicia tenga plazos justos. Que mi sobrina tenga una vida digna. Me llev\u00f3 la mitad de mi vida todo esto&#8221;, complet\u00f3 Lamagna.<\/p>\n<p>El caso se present\u00f3 en 2021, cuando las instancias judiciales locales hab\u00edan quedado agotadas. En 2016, el Tribunal Oral Federal n\u00famero 6 de la Ciudad de Buenos Aires conden\u00f3 al ex secretario de Seguridad Enrique Mathov y del ex jefe de la Polic\u00eda Federal Rub\u00e9n Santos, funcionarios del gobierno de De la R\u00faa, a 4 y 3 a\u00f1os de c\u00e1rcel respectivamente por el asesinato de Riva, Lamagna y otras tres personas que fueron asesinadas por balas policiales aquellos d\u00edas. Tambi\u00e9n hubo condenas para polic\u00edas federales. Reci\u00e9n en septiembre pasado, esas condenas quedaron firmes. En enero pasado falleci\u00f3 Santos. De la R\u00faa, quien orden\u00f3 el Estado de Sitio que posibilit\u00f3 la represi\u00f3n feroz.<\/p>\n<p>\u201cEl caso no se limit\u00f3 a las discusiones judiciales. La petici\u00f3n fue porque el Estado argentino no hab\u00eda reparado de manera integral a las v\u00edctimas y sus familiares, por lo que consider\u00e1bamos que el estado es responsable ante el sistema internacional\u201d, explic\u00f3 Paula Litvachky, directora ejecutiva del CELS y quien estuvo a cargo del alegato ante la CIDH. Adem\u00e1s de la falta de justicia y reparaci\u00f3n, para el organismo el Estado argentino es responsable de otras violaciones a los derechos humanos cometidas durante aquella represi\u00f3n feroz, como el derecho a la vida y a la integridad personal por el uso desmedido de la fuerza, el derecho a la libertad personal por las detenciones arbitrarias sin fundamentos legales, el derecho a la protesta, entre otros.<\/p>\n<p>A fines de noviembre de 2023, a trav\u00e9s de un allanamiento por escrito, el Estado argentino, a\u00fan con Alberto Fern\u00e1ndez en la presidencia, reconoci\u00f3 su responsabilidad por lo planteado en este caso. En la audiencia del lunes, el gobierno argentino plante\u00f3 que retirar\u00e1 ese allanamiento. Seg\u00fan Ba\u00f1os, hubo \u201cmala fe\u201d en la gesti\u00f3n anterior al presentar ese reconocimiento. Tal como lo hicieron en la audiencia vinculada a la ley de protecci\u00f3n de personas refugiadas, Ba\u00f1os se\u00f1al\u00f3 los v\u00ednculos de exfuncionarias de la Secretar\u00eda de Derechos Humanos con el CELS. En tanto, no respondieron a la pregunta que le realiz\u00f3 la parte peticionaria sobre qu\u00e9 valoraci\u00f3n hace hoy el Estado sobre lo sucedido en diciembre de 2001.<\/p>\n<p>Por \u00faltimo, el CELS solicit\u00f3 a la CIDH que reconozca la responsabilidad internacional del Estado por las violaciones de derechos humanos cometidas en diciembre de 2001, que reforme su legislaci\u00f3n sobre protesta social y derogue normativas que criminalizan las manifestaciones, que regule el uso de la fuerza en contextos de protesta, y se proh\u00edba el uso de armas letales. Tambi\u00e9n que cree organismos de control externo para la actuaci\u00f3n policial y establezca protocolos de preservaci\u00f3n de pruebas en operativos de represi\u00f3n; que capacite a las fuerzas de seguridad y operadores judiciales en derechos humanos y uso proporcional de la fuerza y que adopte medidas de reparaci\u00f3n simb\u00f3lica y material para las v\u00edctimas y sus familias.<\/p>\n","protected":false},"excerpt":{"rendered":"<p>El Gobierno modific\u00f3 la postura que manten\u00eda Argentina desde 2014. Las cr\u00edticas del CELS y el reclamo por la violencia institucional frente a la protesta social &nbsp; &nbsp; El Estado argentino borra con el codo lo que escribe con la mano. Ante representantes de la Comisi\u00f3n Interamericana de Derechos Humanos, el secretario de Derechos Humanos argentino, Alberto Ba\u00f1os, retir\u00f3 el reconocimiento de responsabilidad sobre la represi\u00f3n del 2001 que hab\u00eda asumido en 2024, con el argumento de que no era La Libertad Avanza quien gobernaba. El Centro de Estudios Legales&#8230;<\/p>\n","protected":false},"author":3,"featured_media":125642,"comment_status":"closed","ping_status":"closed","sticky":false,"template":"","format":"standard","meta":[],"categories":[9],"tags":[],"_links":{"self":[{"href":"https:\/\/www.actualidadadiario.com\/index.php\/wp-json\/wp\/v2\/posts\/125641"}],"collection":[{"href":"https:\/\/www.actualidadadiario.com\/index.php\/wp-json\/wp\/v2\/posts"}],"about":[{"href":"https:\/\/www.actualidadadiario.com\/index.php\/wp-json\/wp\/v2\/types\/post"}],"author":[{"embeddable":true,"href":"https:\/\/www.actualidadadiario.com\/index.php\/wp-json\/wp\/v2\/users\/3"}],"replies":[{"embeddable":true,"href":"https:\/\/www.actualidadadiario.com\/index.php\/wp-json\/wp\/v2\/comments?post=125641"}],"version-history":[{"count":1,"href":"https:\/\/www.actualidadadiario.com\/index.php\/wp-json\/wp\/v2\/posts\/125641\/revisions"}],"predecessor-version":[{"id":125643,"href":"https:\/\/www.actualidadadiario.com\/index.php\/wp-json\/wp\/v2\/posts\/125641\/revisions\/125643"}],"wp:featuredmedia":[{"embeddable":true,"href":"https:\/\/www.actualidadadiario.com\/index.php\/wp-json\/wp\/v2\/media\/125642"}],"wp:attachment":[{"href":"https:\/\/www.actualidadadiario.com\/index.php\/wp-json\/wp\/v2\/media?parent=125641"}],"wp:term":[{"taxonomy":"category","embeddable":true,"href":"https:\/\/www.actualidadadiario.com\/index.php\/wp-json\/wp\/v2\/categories?post=125641"},{"taxonomy":"post_tag","embeddable":true,"href":"https:\/\/www.actualidadadiario.com\/index.php\/wp-json\/wp\/v2\/tags?post=125641"}],"curies":[{"name":"wp","href":"https:\/\/api.w.org\/{rel}","templated":true}]}}