{"id":125634,"date":"2025-03-05T14:50:18","date_gmt":"2025-03-05T17:50:18","guid":{"rendered":"https:\/\/www.actualidadadiario.com\/?p=125634"},"modified":"2025-03-05T14:50:18","modified_gmt":"2025-03-05T17:50:18","slug":"paro-de-48-horas-en-universidades-nacionales","status":"publish","type":"post","link":"https:\/\/www.actualidadadiario.com\/index.php\/2025\/03\/05\/paro-de-48-horas-en-universidades-nacionales\/","title":{"rendered":"Paro de 48 horas en universidades nacionales"},"content":{"rendered":"<p style=\"text-align: center;\"><em><strong>Los gremios universitarios confirmaron un paro nacional para el lunes 17 y martes 18 de marzo en rechazo al ajuste del gobierno de Javier Milei sobre las universidades nacionales<\/strong><\/em><\/p>\n<p>&nbsp;<\/p>\n<p>&nbsp;<\/p>\n<p>La medida responde al desfinanciamiento de los gastos de funcionamiento y a la falta de mejoras salariales y laborales para el sector, una pol\u00edtica que sostenida desde el inicio de la gesti\u00f3n de La Libertad Avanza.<\/p>\n<p>La decisi\u00f3n fue tomada en el encuentro del Frente Sindical Universitario y ratificada por las federaciones docentes y no docentes de las universidades p\u00fablicas de todo el pa\u00eds.<\/p>\n<p>El secretario general de la Federaci\u00f3n docente Conadu, Carlos De Feo, advirti\u00f3 sobre el impacto del ajuste en los salarios del sector: \u201cLa p\u00e9rdida salarial frente a la inflaci\u00f3n es m\u00e1s del 70% y pr\u00e1cticamente un 40% del poder adquisitivo real del salario, cosa que no pasaba hace a\u00f1os. Por eso esta contundente medida y la decisi\u00f3n de que si el gobierno sigue cerrado al di\u00e1logo como lo ha hecho en los \u00faltimos meses, las medidas y el plan de lucha se van a profundizar\u201d.<\/p>\n<p>De Feo tambi\u00e9n destac\u00f3 la gravedad de la situaci\u00f3n y la falta de respuestas por parte del gobierno nacional: \u201cSe trata de la primera medida del a\u00f1o a cuenta de la situaci\u00f3n salarial grav\u00edsima que venimos atravesando\u201d.<\/p>\n<p>Ante la falta de di\u00e1logo y la ausencia de propuestas concretas para recomponer los salarios y mejorar las condiciones laborales, los gremios universitarios advierten que el plan de lucha continuar\u00e1 en las pr\u00f3ximas semanas si no hay respuestas desde el Ejecutivo.<\/p>\n","protected":false},"excerpt":{"rendered":"<p>Los gremios universitarios confirmaron un paro nacional para el lunes 17 y martes 18 de marzo en rechazo al ajuste del gobierno de Javier Milei sobre las universidades nacionales &nbsp; &nbsp; La medida responde al desfinanciamiento de los gastos de funcionamiento y a la falta de mejoras salariales y laborales para el sector, una pol\u00edtica que sostenida desde el inicio de la gesti\u00f3n de La Libertad Avanza. La decisi\u00f3n fue tomada en el encuentro del Frente Sindical Universitario y ratificada por las federaciones docentes y no docentes de las universidades&#8230;<\/p>\n","protected":false},"author":3,"featured_media":125635,"comment_status":"closed","ping_status":"closed","sticky":false,"template":"","format":"standard","meta":[],"categories":[2],"tags":[],"_links":{"self":[{"href":"https:\/\/www.actualidadadiario.com\/index.php\/wp-json\/wp\/v2\/posts\/125634"}],"collection":[{"href":"https:\/\/www.actualidadadiario.com\/index.php\/wp-json\/wp\/v2\/posts"}],"about":[{"href":"https:\/\/www.actualidadadiario.com\/index.php\/wp-json\/wp\/v2\/types\/post"}],"author":[{"embeddable":true,"href":"https:\/\/www.actualidadadiario.com\/index.php\/wp-json\/wp\/v2\/users\/3"}],"replies":[{"embeddable":true,"href":"https:\/\/www.actualidadadiario.com\/index.php\/wp-json\/wp\/v2\/comments?post=125634"}],"version-history":[{"count":1,"href":"https:\/\/www.actualidadadiario.com\/index.php\/wp-json\/wp\/v2\/posts\/125634\/revisions"}],"predecessor-version":[{"id":125636,"href":"https:\/\/www.actualidadadiario.com\/index.php\/wp-json\/wp\/v2\/posts\/125634\/revisions\/125636"}],"wp:featuredmedia":[{"embeddable":true,"href":"https:\/\/www.actualidadadiario.com\/index.php\/wp-json\/wp\/v2\/media\/125635"}],"wp:attachment":[{"href":"https:\/\/www.actualidadadiario.com\/index.php\/wp-json\/wp\/v2\/media?parent=125634"}],"wp:term":[{"taxonomy":"category","embeddable":true,"href":"https:\/\/www.actualidadadiario.com\/index.php\/wp-json\/wp\/v2\/categories?post=125634"},{"taxonomy":"post_tag","embeddable":true,"href":"https:\/\/www.actualidadadiario.com\/index.php\/wp-json\/wp\/v2\/tags?post=125634"}],"curies":[{"name":"wp","href":"https:\/\/api.w.org\/{rel}","templated":true}]}}