{"id":125617,"date":"2025-03-05T11:03:01","date_gmt":"2025-03-05T14:03:01","guid":{"rendered":"https:\/\/www.actualidadadiario.com\/?p=125617"},"modified":"2025-03-05T11:03:01","modified_gmt":"2025-03-05T14:03:01","slug":"mas-de-7-millones-de-alumnos-empezaron-las-clases-en-el-pais","status":"publish","type":"post","link":"https:\/\/www.actualidadadiario.com\/index.php\/2025\/03\/05\/mas-de-7-millones-de-alumnos-empezaron-las-clases-en-el-pais\/","title":{"rendered":"M\u00e1s de 7 millones de alumnos empezaron las clases en el pa\u00eds"},"content":{"rendered":"<p style=\"text-align: center;\"><em><strong>Este mi\u00e9rcoles comenzaron las clases en 15 provincias. Habr\u00e1 paro docente en San Juan, Chubut y Santa Cruz. En la provincia de Buenos Aires y en 33 escuelas de CABA comienza la implementaci\u00f3n de las reformas anunciadas para el nivel secundario<\/strong><\/em><\/p>\n<p>&nbsp;<\/p>\n<p>&nbsp;<\/p>\n<p>Este mi\u00e9rcoles 7,2 millones de alumnos empezaron las clases en 15 provincias: Buenos Aires, Catamarca, Corrientes, Chaco, Formosa, Jujuy, La Pampa, La Rioja, Misiones, R\u00edo Negro, Salta, San Juan, Santiago del Estero, Tierra del Fuego y Tucum\u00e1n. Adem\u00e1s, en la Ciudad de Buenos Aires ser\u00e1 el primer d\u00eda de clases para casi 200.000 estudiantes de secundaria.<\/p>\n<p>Si bien los cuatro gremios docentes de la CGT (UDA, Amet, CEA y Sadop) hab\u00edan anunciado un paro nacional en reclamo por la actualizaci\u00f3n del salario m\u00ednimo garantizado, la medida de fuerza finalmente fue desestimada. Sin embargo, los sindicatos provinciales anunciaron paro en las provincias de San Juan, Chubut y Santa Cruz.<\/p>\n<p>La vuelta a clases implicar\u00e1 novedades significativas para 1,7 millones de estudiantes de secundaria en la provincia de Buenos Aires, que estrenar\u00e1n el nuevo r\u00e9gimen acad\u00e9mico anunciado el a\u00f1o pasado por la Direcci\u00f3n General de Cultura y Educaci\u00f3n, a cargo de Alberto Sileoni. A partir de este a\u00f1o, en PBA ya no se repetir\u00e1 el a\u00f1o completo: los estudiantes podr\u00e1n \u201cintensificar\u201d hasta cuatro materias desaprobadas. Si tienen cinco o m\u00e1s materias pendientes, deber\u00e1n definir cu\u00e1les intensifican (hasta 4) y cu\u00e1les recursan. Para tomar esas decisiones, tendr\u00e1n el asesoramiento de los equipos de definici\u00f3n de las trayectorias educativas (EDTE) que se crearon en cada escuela.<\/p>\n<p>La reforma, denominada \u201cEs m\u00e1s secundaria\u201d, establece que la acreditaci\u00f3n de conocimientos ser\u00e1 \u201cpor materia\u201d, con notas num\u00e9ricas cuatrimestrales: un formato m\u00e1s parecido al del nivel universitario. Se pasar\u00e1 con 7 y no se promediar\u00e1n los cuatrimestres (hay que aprobar ambos). Durante este a\u00f1o y el pr\u00f3ximo, la provincia tiene previsto trabajar sobre la evaluaci\u00f3n y modificaci\u00f3n de los dise\u00f1os curriculares de la secundaria. Tambi\u00e9n est\u00e1n pensando en avanzar con propuestas de \u201cconcentraci\u00f3n horaria\u201d de los profesores en una misma escuela en algunos distritos para abordar el problema de los profesores taxi.<\/p>\n<p>\u201cNo es sencillo salir de un modelo que tiene tantos a\u00f1os, que a mi juicio ya estaba desgastado. No es un salto al vac\u00edo: es un cambio que viene muy conversado, y que acompa\u00f1amos con cambios en el dise\u00f1o curricular del nivel inicial y de la escuela primaria, en los dise\u00f1os curriculares de ocho profesorados, en el r\u00e9gimen acad\u00e9mico marco de la educaci\u00f3n superior\u201d, afirm\u00f3 Sileoni en una entrevista con Infobae.<\/p>\n<p>Este a\u00f1o tambi\u00e9n comienza a implementarse en la Ciudad de Buenos Aires la reforma Secundaria Aprende en las 33 escuelas \u201cpioneras\u201d, estatales y privadas. Este nuevo enfoque \u201cbusca reconfigurar el sistema educativo sobre cuatro principios fundamentales: integraci\u00f3n de contenidos, desarrollo de capacidades, avance continuo y autonom\u00eda estudiantil\u201d, inform\u00f3 el Ministerio de Educaci\u00f3n, a cargo de Mercedes Miguel.<\/p>\n<p>Los cambios van desde la promoci\u00f3n del trabajo interdisciplinario de los profesores y la concentraci\u00f3n horaria en cada instituci\u00f3n hasta la forma en que los estudiantes organizan sus estudios, acreditan saberes y recursan las materias. Cada escuela \u201cpionera\u201d viene trabajando sobre la reforma desde el a\u00f1o pasado en el marco de los lineamientos definidos por el ministerio: no habr\u00e1 dos modelos iguales, seg\u00fan explicaron algunos directores.<\/p>\n<p>En sinton\u00eda con la reforma bonaerense \u2013y con lo hecho por otras provincias, como R\u00edo Negro\u2013, el principio del \u201cavance continuo\u201d supone dejar atr\u00e1s la repitencia. \u201cNing\u00fan alumno avanzar\u00e1 si no aprende\u201d, aseguraron desde el Ministerio porte\u00f1o. Y precisaron: \u201cNo se repetir\u00e1n a\u00f1os completos. Hoy si un alumno repite debe recursar todas las materias, las aprobadas y las que no. Con el nuevo m\u00e9todo se recuperar\u00e1, \u00fanicamente, cada nivel no aprobado: un esquema similar a las carreras universitarias\u201d.<\/p>\n<p>Corrientes, Formosa, Jujuy, San Juan y Salta hab\u00edan previsto originalmente empezar el lunes 24, pero postergaron la vuelta a las escuelas por la ola de calor.<\/p>\n<p>La huelga nacional prevista para este mi\u00e9rcoles se suspendi\u00f3 luego de que los sindicatos de la CGT informaron que hubo un \u201cacercamiento\u201d con el Gobierno, a partir del cual se propuso discutir en la paritaria nacional temas como \u201cinfraestructura escolar para las provincias\u201d, la participaci\u00f3n de los gremios en las pr\u00f3ximas asambleas del Consejo Federal de Educaci\u00f3n, traslados de docentes entre jurisdicciones y la \u201capertura de la mesa de negociaci\u00f3n para tratar condiciones de trabajo y salud docente\u201d. Desde CTERA, en tanto, convocaron a una \u201cjornada nacional de protesta\u201d para el jueves 13 de marzo.<\/p>\n<p>Si bien los gremios nacionales descartaron una medida de fuerza, hay provincias donde las negociaciones paritarias siguen abiertas y los sindicatos locales anunciaron paro, como en el caso de San Juan. Tambi\u00e9n en Chubut y Santa Cruz los sindicatos provinciales (ATECh y Adosac) convocaron a paros de 48 horas este mi\u00e9rcoles y jueves. En tanto, en C\u00f3rdoba los gremios UEPC y Sadop tienen prevista una medida de fuerza para el jueves 6.<\/p>\n","protected":false},"excerpt":{"rendered":"<p>Este mi\u00e9rcoles comenzaron las clases en 15 provincias. Habr\u00e1 paro docente en San Juan, Chubut y Santa Cruz. En la provincia de Buenos Aires y en 33 escuelas de CABA comienza la implementaci\u00f3n de las reformas anunciadas para el nivel secundario &nbsp; &nbsp; Este mi\u00e9rcoles 7,2 millones de alumnos empezaron las clases en 15 provincias: Buenos Aires, Catamarca, Corrientes, Chaco, Formosa, Jujuy, La Pampa, La Rioja, Misiones, R\u00edo Negro, Salta, San Juan, Santiago del Estero, Tierra del Fuego y Tucum\u00e1n. Adem\u00e1s, en la Ciudad de Buenos Aires ser\u00e1 el primer&#8230;<\/p>\n","protected":false},"author":3,"featured_media":110557,"comment_status":"closed","ping_status":"closed","sticky":false,"template":"","format":"standard","meta":[],"categories":[9],"tags":[],"_links":{"self":[{"href":"https:\/\/www.actualidadadiario.com\/index.php\/wp-json\/wp\/v2\/posts\/125617"}],"collection":[{"href":"https:\/\/www.actualidadadiario.com\/index.php\/wp-json\/wp\/v2\/posts"}],"about":[{"href":"https:\/\/www.actualidadadiario.com\/index.php\/wp-json\/wp\/v2\/types\/post"}],"author":[{"embeddable":true,"href":"https:\/\/www.actualidadadiario.com\/index.php\/wp-json\/wp\/v2\/users\/3"}],"replies":[{"embeddable":true,"href":"https:\/\/www.actualidadadiario.com\/index.php\/wp-json\/wp\/v2\/comments?post=125617"}],"version-history":[{"count":1,"href":"https:\/\/www.actualidadadiario.com\/index.php\/wp-json\/wp\/v2\/posts\/125617\/revisions"}],"predecessor-version":[{"id":125618,"href":"https:\/\/www.actualidadadiario.com\/index.php\/wp-json\/wp\/v2\/posts\/125617\/revisions\/125618"}],"wp:featuredmedia":[{"embeddable":true,"href":"https:\/\/www.actualidadadiario.com\/index.php\/wp-json\/wp\/v2\/media\/110557"}],"wp:attachment":[{"href":"https:\/\/www.actualidadadiario.com\/index.php\/wp-json\/wp\/v2\/media?parent=125617"}],"wp:term":[{"taxonomy":"category","embeddable":true,"href":"https:\/\/www.actualidadadiario.com\/index.php\/wp-json\/wp\/v2\/categories?post=125617"},{"taxonomy":"post_tag","embeddable":true,"href":"https:\/\/www.actualidadadiario.com\/index.php\/wp-json\/wp\/v2\/tags?post=125617"}],"curies":[{"name":"wp","href":"https:\/\/api.w.org\/{rel}","templated":true}]}}