{"id":125613,"date":"2025-03-06T10:23:30","date_gmt":"2025-03-06T13:23:30","guid":{"rendered":"https:\/\/www.actualidadadiario.com\/?p=125613"},"modified":"2025-03-06T11:38:42","modified_gmt":"2025-03-06T14:38:42","slug":"manana-comienza-el-cronograma-de-pagos-de-becas-provinciales","status":"publish","type":"post","link":"https:\/\/www.actualidadadiario.com\/index.php\/2025\/03\/06\/manana-comienza-el-cronograma-de-pagos-de-becas-provinciales\/","title":{"rendered":"Comenz\u00f3 el cronograma de pagos de becas provinciales"},"content":{"rendered":"<p style=\"text-align: center;\"><em><strong>Se extender\u00e1 hasta el mi\u00e9rcoles 12 de marzo. Abarca tanto al nivel secundario como al superior. El cobro se realiza de acuerdo a la terminaci\u00f3n del DNI del titular de cobro y los estudiantes percibir\u00e1n la beca con aumento<\/strong><\/em><\/p>\n<p>&nbsp;<\/p>\n<p>&nbsp;<\/p>\n<p>El director ejecutivo del organismo, Mariano Berdi\u00f1as, adelant\u00f3 que &#8220;en este per\u00edodo se dar\u00e1 cumplimiento a un nuevo tramo de las becas otorgadas en 2024, tanto para estudiantes de nivel secundario, como terciario y universitario&#8221;.<\/p>\n<p>El titular del Becario se\u00f1al\u00f3 que &#8220;el cronograma se establece seg\u00fan la terminaci\u00f3n del DNI de la persona titular del cobro, sea \u00e9sta el estudiante o un mayor a cargo. Tambi\u00e9n depender\u00e1 la fecha de cobro de la entidad bancaria asignada por el estudiante&#8221;, aclar\u00f3.<\/p>\n<p>Finalmente, Berdi\u00f1as destac\u00f3 que &#8220;todas las becas que otorga el gobierno provincial a trav\u00e9s de nuestro Instituto se abonar\u00e1n con aumento. Es importante destacar que, a partir de marzo, la secundaria tendr\u00e1 un monto de 25.000 pesos, mientras que la terciaria y universitaria 40.000 y 50.000 respectivamente; representando un promedio de 270 por ciento de aumento desde diciembre de 2023&#8221;, subray\u00f3.<\/p>\n<p>&nbsp;<\/p>\n<p><strong>El cronograma de pago qued\u00f3 establecido de la siguiente manera:<\/strong><\/p>\n<ul>\n<li><strong>Jueves 6:<\/strong> terminaci\u00f3n 0 al 9 correspondiente a estudiantes que perciben la beca a trav\u00e9s del Banco Entre R\u00edos<\/li>\n<li><strong>Jueves 6:<\/strong> Terminaci\u00f3n 0 y 1, de otros bancos<\/li>\n<li><strong>Viernes 7:<\/strong> terminaci\u00f3n 2 y 3, de otros bancos<\/li>\n<li><strong>Lunes 10:<\/strong> terminaci\u00f3n 4 y 5, de otros bancos.<\/li>\n<li><strong>Martes 11:<\/strong> terminaci\u00f3n 6 y 7, de otros bancos<\/li>\n<li><strong>Mi\u00e9rcoles 12:<\/strong> terminaci\u00f3n 8 y 9, de otros bancos.<\/li>\n<\/ul>\n","protected":false},"excerpt":{"rendered":"<p>Se extender\u00e1 hasta el mi\u00e9rcoles 12 de marzo. Abarca tanto al nivel secundario como al superior. El cobro se realiza de acuerdo a la terminaci\u00f3n del DNI del titular de cobro y los estudiantes percibir\u00e1n la beca con aumento &nbsp; &nbsp; El director ejecutivo del organismo, Mariano Berdi\u00f1as, adelant\u00f3 que &#8220;en este per\u00edodo se dar\u00e1 cumplimiento a un nuevo tramo de las becas otorgadas en 2024, tanto para estudiantes de nivel secundario, como terciario y universitario&#8221;. El titular del Becario se\u00f1al\u00f3 que &#8220;el cronograma se establece seg\u00fan la terminaci\u00f3n del&#8230;<\/p>\n","protected":false},"author":3,"featured_media":123350,"comment_status":"closed","ping_status":"closed","sticky":false,"template":"","format":"standard","meta":[],"categories":[15],"tags":[],"_links":{"self":[{"href":"https:\/\/www.actualidadadiario.com\/index.php\/wp-json\/wp\/v2\/posts\/125613"}],"collection":[{"href":"https:\/\/www.actualidadadiario.com\/index.php\/wp-json\/wp\/v2\/posts"}],"about":[{"href":"https:\/\/www.actualidadadiario.com\/index.php\/wp-json\/wp\/v2\/types\/post"}],"author":[{"embeddable":true,"href":"https:\/\/www.actualidadadiario.com\/index.php\/wp-json\/wp\/v2\/users\/3"}],"replies":[{"embeddable":true,"href":"https:\/\/www.actualidadadiario.com\/index.php\/wp-json\/wp\/v2\/comments?post=125613"}],"version-history":[{"count":2,"href":"https:\/\/www.actualidadadiario.com\/index.php\/wp-json\/wp\/v2\/posts\/125613\/revisions"}],"predecessor-version":[{"id":125688,"href":"https:\/\/www.actualidadadiario.com\/index.php\/wp-json\/wp\/v2\/posts\/125613\/revisions\/125688"}],"wp:featuredmedia":[{"embeddable":true,"href":"https:\/\/www.actualidadadiario.com\/index.php\/wp-json\/wp\/v2\/media\/123350"}],"wp:attachment":[{"href":"https:\/\/www.actualidadadiario.com\/index.php\/wp-json\/wp\/v2\/media?parent=125613"}],"wp:term":[{"taxonomy":"category","embeddable":true,"href":"https:\/\/www.actualidadadiario.com\/index.php\/wp-json\/wp\/v2\/categories?post=125613"},{"taxonomy":"post_tag","embeddable":true,"href":"https:\/\/www.actualidadadiario.com\/index.php\/wp-json\/wp\/v2\/tags?post=125613"}],"curies":[{"name":"wp","href":"https:\/\/api.w.org\/{rel}","templated":true}]}}