{"id":125611,"date":"2025-03-05T10:22:05","date_gmt":"2025-03-05T13:22:05","guid":{"rendered":"https:\/\/www.actualidadadiario.com\/?p=125611"},"modified":"2025-03-05T10:22:05","modified_gmt":"2025-03-05T13:22:05","slug":"alerta-amarillo-por-altas-temperaturas","status":"publish","type":"post","link":"https:\/\/www.actualidadadiario.com\/index.php\/2025\/03\/05\/alerta-amarillo-por-altas-temperaturas\/","title":{"rendered":"Alerta amarillo por altas temperaturas"},"content":{"rendered":"<p style=\"text-align: center;\"><em><strong>Todo el territorio provincial se encuentra en alerta nivel amarillo por temperaturas extremas por calor, de acuerdo a un informe del Servicio Meteorol\u00f3gico Nacional (SMN)<\/strong><\/em><\/p>\n<p>&nbsp;<\/p>\n<p>&nbsp;<\/p>\n<p>El SMN advirti\u00f3 que una ola de calor afectar\u00e1 al norte de Argentina y emiti\u00f3 alertas nivel rojo, naranja y amarillo para algunas provincias.<\/p>\n<p>Las provincias m\u00e1s afectadas ser\u00e1n Formosa, Chaco, Misiones, Corrientes, el norte de Santa Fe y el extremo norte de Santiago del Estero.<\/p>\n<p>Entre R\u00edos, junto al resto de la provincia de Santa Fe Salta y Buenos Aires, se encuentra en alerta nivel amarillo.<\/p>\n<p>&nbsp;<\/p>\n<p><strong>Las recomendaciones por calor extremo son:<\/strong><\/p>\n<ul>\n<li>Tomar mucha agua durante todo el d\u00eda y consum\u00ed alimentos frescos como frutas y verduras.<\/li>\n<li>Usar ropa suelta, de materiales livianos y colores claros.<\/li>\n<li>Protegerse del sol.<\/li>\n<li>Prestar atenci\u00f3n a lactantes, ni\u00f1os y personas mayores.<\/li>\n<\/ul>\n","protected":false},"excerpt":{"rendered":"<p>Todo el territorio provincial se encuentra en alerta nivel amarillo por temperaturas extremas por calor, de acuerdo a un informe del Servicio Meteorol\u00f3gico Nacional (SMN) &nbsp; &nbsp; El SMN advirti\u00f3 que una ola de calor afectar\u00e1 al norte de Argentina y emiti\u00f3 alertas nivel rojo, naranja y amarillo para algunas provincias. Las provincias m\u00e1s afectadas ser\u00e1n Formosa, Chaco, Misiones, Corrientes, el norte de Santa Fe y el extremo norte de Santiago del Estero. Entre R\u00edos, junto al resto de la provincia de Santa Fe Salta y Buenos Aires, se encuentra&#8230;<\/p>\n","protected":false},"author":3,"featured_media":104997,"comment_status":"closed","ping_status":"closed","sticky":false,"template":"","format":"standard","meta":[],"categories":[15],"tags":[],"_links":{"self":[{"href":"https:\/\/www.actualidadadiario.com\/index.php\/wp-json\/wp\/v2\/posts\/125611"}],"collection":[{"href":"https:\/\/www.actualidadadiario.com\/index.php\/wp-json\/wp\/v2\/posts"}],"about":[{"href":"https:\/\/www.actualidadadiario.com\/index.php\/wp-json\/wp\/v2\/types\/post"}],"author":[{"embeddable":true,"href":"https:\/\/www.actualidadadiario.com\/index.php\/wp-json\/wp\/v2\/users\/3"}],"replies":[{"embeddable":true,"href":"https:\/\/www.actualidadadiario.com\/index.php\/wp-json\/wp\/v2\/comments?post=125611"}],"version-history":[{"count":1,"href":"https:\/\/www.actualidadadiario.com\/index.php\/wp-json\/wp\/v2\/posts\/125611\/revisions"}],"predecessor-version":[{"id":125612,"href":"https:\/\/www.actualidadadiario.com\/index.php\/wp-json\/wp\/v2\/posts\/125611\/revisions\/125612"}],"wp:featuredmedia":[{"embeddable":true,"href":"https:\/\/www.actualidadadiario.com\/index.php\/wp-json\/wp\/v2\/media\/104997"}],"wp:attachment":[{"href":"https:\/\/www.actualidadadiario.com\/index.php\/wp-json\/wp\/v2\/media?parent=125611"}],"wp:term":[{"taxonomy":"category","embeddable":true,"href":"https:\/\/www.actualidadadiario.com\/index.php\/wp-json\/wp\/v2\/categories?post=125611"},{"taxonomy":"post_tag","embeddable":true,"href":"https:\/\/www.actualidadadiario.com\/index.php\/wp-json\/wp\/v2\/tags?post=125611"}],"curies":[{"name":"wp","href":"https:\/\/api.w.org\/{rel}","templated":true}]}}