{"id":125609,"date":"2025-03-05T10:21:21","date_gmt":"2025-03-05T13:21:21","guid":{"rendered":"https:\/\/www.actualidadadiario.com\/?p=125609"},"modified":"2025-03-05T10:21:21","modified_gmt":"2025-03-05T13:21:21","slug":"en-febrero-subio-apenas-07-anual-la-venta-de-motos-0-km-en-entre-rios","status":"publish","type":"post","link":"https:\/\/www.actualidadadiario.com\/index.php\/2025\/03\/05\/en-febrero-subio-apenas-07-anual-la-venta-de-motos-0-km-en-entre-rios\/","title":{"rendered":"En febrero subi\u00f3 apenas 0,7% anual la venta de motos 0 Km en Entre R\u00edos"},"content":{"rendered":"<p style=\"text-align: center;\"><em><strong>A diferencia de C\u00f3rdoba y Santa Fe que tuvieron mejoras importantes cuando se comparan con el mismo mes del a\u00f1o pasado, en Entre R\u00edos hubo se ameset\u00f3. La suba se observa en el acumulado del primer bimestre<\/strong><\/em><\/p>\n<p>&nbsp;<\/p>\n<p>&nbsp;<\/p>\n<p>La Asociaci\u00f3n de Concesionarios de Automotores de la Rep\u00fablica Argentina (Acara) inform\u00f3 que en Entre R\u00edos patentaron 991 motos cero kil\u00f3metro en febrero, lo que da cuenta de una mejora relativa del 0,7% interanual, ya que en febrero de 2025 se hab\u00edan vendido 984 unidades.<\/p>\n<p>En la comparativa mensual, se produjo una ca\u00edda del 36,9% respecto de enero 2025, cuando se hab\u00edan patentado 1.570 motos nuevas en la provincia, supo DOS FLORINES con datos de Acara.<\/p>\n<p>De todos modos, el acumulado en el primer bimestre alcanza las 2.561 unidades, es decir, un 35,4% m\u00e1s que la sumatoria de enero y febrero de 2024 que hab\u00eda contabilizado 1.892 unidades.<\/p>\n<p>&nbsp;<\/p>\n<p><strong>Datos de la Regi\u00f3n Centro<\/strong><\/p>\n<p>En C\u00f3rdoba se vendieron en febrero 4.106 motos cero kil\u00f3metro, lo que represent\u00f3 un incremento interanual del 41,2% -2.908 en febrero 2024-. En tanto, baj\u00f3 33,7% mensual -6.191 en enero 2025-. As\u00ed, acumula 10.297 motos vendidas en enero y febrero, es decir, un aumento interanual del 72,9% -5.954 en el primer bimestre 2024-.<\/p>\n<p>Por otra parte, en Santa Fe se vendieron en febrero 4.067 unidades cero kil\u00f3metro, lo que represent\u00f3 un aumento interanual del 26,3% -3.219 en febrero 2024-. Sin embargo, disminuy\u00f3 35,2% mensual -6.272 en enero 2025-. As\u00ed, acumula 10.339 motos vendidas en enero y febrero, lo que significa una suba interanual del 50,5% -6.868 en el primer bimestre 2024-.<\/p>\n<p>&nbsp;<\/p>\n<p><strong>Venta de motos 0 Km a nivel nacional en febrero 2025<\/strong><\/p>\n<p>A nivel nacional, el n\u00famero de unidades patentadas durante febrero de 2025 fue de 39.803 motoveh\u00edculos, esto es una suba interanual del 29% ya que en febrero de 2024 se hab\u00edan registrado 30.848 unidades. Si la comparaci\u00f3n es contra el pasado mes se observa una baja del 32,9%, ya que en enero de este a\u00f1o se hab\u00edan registrado 59.320 unidades.<\/p>\n<p>De esta forma, en los dos meses acumulados del a\u00f1o se patentaron 99.123 unidades, esto es un 58,1% m\u00e1s que en el mismo per\u00edodo de 2024, en el que se hab\u00edan registrado 62.713 veh\u00edculos.<\/p>\n","protected":false},"excerpt":{"rendered":"<p>A diferencia de C\u00f3rdoba y Santa Fe que tuvieron mejoras importantes cuando se comparan con el mismo mes del a\u00f1o pasado, en Entre R\u00edos hubo se ameset\u00f3. La suba se observa en el acumulado del primer bimestre &nbsp; &nbsp; La Asociaci\u00f3n de Concesionarios de Automotores de la Rep\u00fablica Argentina (Acara) inform\u00f3 que en Entre R\u00edos patentaron 991 motos cero kil\u00f3metro en febrero, lo que da cuenta de una mejora relativa del 0,7% interanual, ya que en febrero de 2025 se hab\u00edan vendido 984 unidades. En la comparativa mensual, se produjo&#8230;<\/p>\n","protected":false},"author":3,"featured_media":69276,"comment_status":"closed","ping_status":"closed","sticky":false,"template":"","format":"standard","meta":[],"categories":[15],"tags":[],"_links":{"self":[{"href":"https:\/\/www.actualidadadiario.com\/index.php\/wp-json\/wp\/v2\/posts\/125609"}],"collection":[{"href":"https:\/\/www.actualidadadiario.com\/index.php\/wp-json\/wp\/v2\/posts"}],"about":[{"href":"https:\/\/www.actualidadadiario.com\/index.php\/wp-json\/wp\/v2\/types\/post"}],"author":[{"embeddable":true,"href":"https:\/\/www.actualidadadiario.com\/index.php\/wp-json\/wp\/v2\/users\/3"}],"replies":[{"embeddable":true,"href":"https:\/\/www.actualidadadiario.com\/index.php\/wp-json\/wp\/v2\/comments?post=125609"}],"version-history":[{"count":1,"href":"https:\/\/www.actualidadadiario.com\/index.php\/wp-json\/wp\/v2\/posts\/125609\/revisions"}],"predecessor-version":[{"id":125610,"href":"https:\/\/www.actualidadadiario.com\/index.php\/wp-json\/wp\/v2\/posts\/125609\/revisions\/125610"}],"wp:featuredmedia":[{"embeddable":true,"href":"https:\/\/www.actualidadadiario.com\/index.php\/wp-json\/wp\/v2\/media\/69276"}],"wp:attachment":[{"href":"https:\/\/www.actualidadadiario.com\/index.php\/wp-json\/wp\/v2\/media?parent=125609"}],"wp:term":[{"taxonomy":"category","embeddable":true,"href":"https:\/\/www.actualidadadiario.com\/index.php\/wp-json\/wp\/v2\/categories?post=125609"},{"taxonomy":"post_tag","embeddable":true,"href":"https:\/\/www.actualidadadiario.com\/index.php\/wp-json\/wp\/v2\/tags?post=125609"}],"curies":[{"name":"wp","href":"https:\/\/api.w.org\/{rel}","templated":true}]}}