{"id":125598,"date":"2025-02-28T11:06:49","date_gmt":"2025-02-28T14:06:49","guid":{"rendered":"https:\/\/www.actualidadadiario.com\/?p=125598"},"modified":"2025-02-28T11:06:49","modified_gmt":"2025-02-28T14:06:49","slug":"cuatro-feriados-en-31-dias-habra-dos-findes-largos-y-uno-cae-entre-semana","status":"publish","type":"post","link":"https:\/\/www.actualidadadiario.com\/index.php\/2025\/02\/28\/cuatro-feriados-en-31-dias-habra-dos-findes-largos-y-uno-cae-entre-semana\/","title":{"rendered":"Cuatro feriados en 31 d\u00edas: habr\u00e1 dos \u00abfindes\u00bb largos y uno cae entre semana"},"content":{"rendered":"<p style=\"text-align: center;\"><em><strong>Marzo contar\u00e1 con tres feriados y, en ambos casos ser\u00e1n fines de semana largos. El primero de ellos, que se avecina por carnaval, es de cuatro d\u00edas. Luego llegar\u00e1 el 2 de abril. El calendario completo<\/strong><\/em><\/p>\n<p>&nbsp;<\/p>\n<p>&nbsp;<\/p>\n<p>Dos meses despu\u00e9s del inicio de a\u00f1o vuelven los feriados: habr\u00e1 cuatro en un lapso de 31 d\u00edas. Desde el lunes 3 de maro y hasta el mi\u00e9rcoles 2 de abril los argentinos podr\u00e1n disfrutar de varios d\u00edas de descanso que contemplan dos fines de semanas largos.<\/p>\n<p>Dentro del calendario de feriados 2025 que dispuso el Gobierno Nacional, 12 de los mismos son inamovibles y cuatro trasladables, al tiempo que hay previstos tres d\u00edas no laborables con fines tur\u00edsticos.<\/p>\n<p>&nbsp;<\/p>\n<p><strong>Los pr\u00f3ximos feriados<\/strong><\/p>\n<ul>\n<li><strong>Lunes 3 de marzo:<\/strong> Carnaval (feriado inamovible)<\/li>\n<li><strong>Lunes 24 de marzo:<\/strong> D\u00eda Nacional de la Memoria por la Verdad y la Justicia (feriado inamovible)<\/li>\n<li><strong>Mi\u00e9rcoles 2 de abril:<\/strong> D\u00eda del Veterano y de los Ca\u00eddos en la Guerra de Malvinas (feriado inamovible)<\/li>\n<\/ul>\n<p>&nbsp;<\/p>\n<p><strong>Feriado de Carnaval: un fin de semana largo en marzo<\/strong><\/p>\n<p>Aunque generalmente se asocia el feriado de Carnaval con el mes de febrero, en 2025 se celebrar\u00e1 en marzo. El lunes 3 y martes 4 ser\u00e1n los d\u00edas no laborables, lo que se combina con el fin de semana de s\u00e1bado 1 y domingo 2, formando as\u00ed un fin de semana XL.<\/p>\n<p>&nbsp;<\/p>\n<p><strong>Feriado por el D\u00eda de la Memoria: otro fin de semana largo<\/strong><\/p>\n<p>El otro feriado inamovible en marzo es el D\u00eda Nacional de la Memoria por la Verdad y la Justicia, que se celebra el 24 de marzo. Como cae un lunes, se generar\u00e1 otro fin de semana largo en el mes.<\/p>\n<p>Este d\u00eda conmemora a las v\u00edctimas de la \u00faltima dictadura militar en Argentina, que comenz\u00f3 el 24 de marzo de 1976 con el golpe de Estado y finaliz\u00f3 el 10 de diciembre de 1983, con el regreso a la democracia. La fecha fue establecida en 2002 por la Ley N\u00b0 25.633.<\/p>\n<p>&nbsp;<\/p>\n<p><strong>Feriados inamovibles que quedan en 2025<\/strong><\/p>\n<ul>\n<li><strong>Marzo:<\/strong> 3 y 4 de marzo (Carnaval), 24 de marzo (D\u00eda Nacional de la Memoria por la Verdad y la Justicia).<\/li>\n<li><strong>Abril:<\/strong> 2 de abril (D\u00eda del Veterano y de los Ca\u00eddos en la Guerra de Malvinas), 18 de abril (Viernes Santo).<\/li>\n<\/ul>\n<p>&nbsp;<\/p>\n<p><strong>Feriados trasladables<\/strong><\/p>\n<ul>\n<li><strong>Junio:<\/strong> 16 de junio (Paso a la Inmortalidad del General Don Mart\u00edn Miguel de G\u00fcemes), trasladado del 17 de junio.<\/li>\n<li><strong>Agosto:<\/strong> 17 de agosto (Paso a la Inmortalidad del General Don Jos\u00e9 de San Mart\u00edn).<\/li>\n<li><strong>Octubre:<\/strong> 12 de octubre (D\u00eda del Respeto a la Diversidad Cultural).<\/li>\n<li><strong>Noviembre:<\/strong> 24 de noviembre (D\u00eda de la Soberan\u00eda Nacional), trasladado del 20 de noviembre.<\/li>\n<\/ul>\n<p>&nbsp;<\/p>\n<p><strong>D\u00edas no laborables con fines tur\u00edsticos<\/strong><\/p>\n<ul>\n<li><strong>Mayo:<\/strong> 2 de mayo.<\/li>\n<li><strong>Agosto:<\/strong> 15 de agosto.<\/li>\n<li><strong>Noviembre:<\/strong> 21 de noviembre.<\/li>\n<\/ul>\n<p>Es importante destacar que la decisi\u00f3n de otorgar o no los d\u00edas no laborables queda a discreci\u00f3n de cada empleador. En caso de trabajar durante estas jornadas, no se abona un pago adicional como en los feriados nacionales.<\/p>\n","protected":false},"excerpt":{"rendered":"<p>Marzo contar\u00e1 con tres feriados y, en ambos casos ser\u00e1n fines de semana largos. El primero de ellos, que se avecina por carnaval, es de cuatro d\u00edas. Luego llegar\u00e1 el 2 de abril. El calendario completo &nbsp; &nbsp; Dos meses despu\u00e9s del inicio de a\u00f1o vuelven los feriados: habr\u00e1 cuatro en un lapso de 31 d\u00edas. Desde el lunes 3 de maro y hasta el mi\u00e9rcoles 2 de abril los argentinos podr\u00e1n disfrutar de varios d\u00edas de descanso que contemplan dos fines de semanas largos. Dentro del calendario de feriados&#8230;<\/p>\n","protected":false},"author":3,"featured_media":122212,"comment_status":"closed","ping_status":"closed","sticky":false,"template":"","format":"standard","meta":[],"categories":[2],"tags":[],"_links":{"self":[{"href":"https:\/\/www.actualidadadiario.com\/index.php\/wp-json\/wp\/v2\/posts\/125598"}],"collection":[{"href":"https:\/\/www.actualidadadiario.com\/index.php\/wp-json\/wp\/v2\/posts"}],"about":[{"href":"https:\/\/www.actualidadadiario.com\/index.php\/wp-json\/wp\/v2\/types\/post"}],"author":[{"embeddable":true,"href":"https:\/\/www.actualidadadiario.com\/index.php\/wp-json\/wp\/v2\/users\/3"}],"replies":[{"embeddable":true,"href":"https:\/\/www.actualidadadiario.com\/index.php\/wp-json\/wp\/v2\/comments?post=125598"}],"version-history":[{"count":1,"href":"https:\/\/www.actualidadadiario.com\/index.php\/wp-json\/wp\/v2\/posts\/125598\/revisions"}],"predecessor-version":[{"id":125599,"href":"https:\/\/www.actualidadadiario.com\/index.php\/wp-json\/wp\/v2\/posts\/125598\/revisions\/125599"}],"wp:featuredmedia":[{"embeddable":true,"href":"https:\/\/www.actualidadadiario.com\/index.php\/wp-json\/wp\/v2\/media\/122212"}],"wp:attachment":[{"href":"https:\/\/www.actualidadadiario.com\/index.php\/wp-json\/wp\/v2\/media?parent=125598"}],"wp:term":[{"taxonomy":"category","embeddable":true,"href":"https:\/\/www.actualidadadiario.com\/index.php\/wp-json\/wp\/v2\/categories?post=125598"},{"taxonomy":"post_tag","embeddable":true,"href":"https:\/\/www.actualidadadiario.com\/index.php\/wp-json\/wp\/v2\/tags?post=125598"}],"curies":[{"name":"wp","href":"https:\/\/api.w.org\/{rel}","templated":true}]}}