{"id":125594,"date":"2025-02-28T11:05:25","date_gmt":"2025-02-28T14:05:25","guid":{"rendered":"https:\/\/www.actualidadadiario.com\/?p=125594"},"modified":"2025-02-28T11:05:25","modified_gmt":"2025-02-28T14:05:25","slug":"docentes-universitarios-pusieron-fecha-al-paro-17-y-18-de-marzo","status":"publish","type":"post","link":"https:\/\/www.actualidadadiario.com\/index.php\/2025\/02\/28\/docentes-universitarios-pusieron-fecha-al-paro-17-y-18-de-marzo\/","title":{"rendered":"Docentes universitarios pusieron fecha al paro: 17 y 18 de marzo"},"content":{"rendered":"<p style=\"text-align: center;\"><em><strong>El Frente Sindical de las Universidades resolvi\u00f3 un paro de 48 horas a ejecutarse los d\u00edas lunes 17 y martes 18 de marzo. La decisi\u00f3n responde a la falta de convocatoria de la Subsecretar\u00eda de Pol\u00edticas Universitarias<\/strong><\/em><\/p>\n<p>&nbsp;<\/p>\n<p>&nbsp;<\/p>\n<p>El Frente Sindical de las Universidades se reuni\u00f3 durante la tarde del jueves, oportunidad en que acord\u00f3 la propuesta de la Federaci\u00f3n Nacional de Docentes Universitarios (Conadu) de realizar un paro de todas las federaciones nacionales los d\u00edas 17 y 18 de marzo.<\/p>\n<p>La medida surgi\u00f3 a propuesta del Plenario de Secretarias y Secretarios Generales de Conadu, del cual particip\u00f3 la Asociaci\u00f3n Gremial de Docentes Universitarios (AGDU), entidad que agrupa a la docencia universitaria de Entre R\u00edos y que es gremio de base de Conadu.<\/p>\n<p>\u201cDebido a la falta de di\u00e1logo y de respuestas del Gobierno Nacional a las demandas de la comunidad docente universitaria de reabrir las paritarias y mejorar los salarios, se vuelve imposible comenzar el a\u00f1o\u201d, afirm\u00f3 el Secretario General de Conadu, Carlos De Feo.<\/p>\n<p>Desde la Federaci\u00f3n se cuestion\u00f3 que \u201cm\u00e1s all\u00e1 de la buena voluntad manifestada por los gremios, el Gobierno insiste con sus pol\u00edticas de ajuste que deterioran el salario de las y los trabajadores universitarios\u201d.<\/p>\n","protected":false},"excerpt":{"rendered":"<p>El Frente Sindical de las Universidades resolvi\u00f3 un paro de 48 horas a ejecutarse los d\u00edas lunes 17 y martes 18 de marzo. La decisi\u00f3n responde a la falta de convocatoria de la Subsecretar\u00eda de Pol\u00edticas Universitarias &nbsp; &nbsp; El Frente Sindical de las Universidades se reuni\u00f3 durante la tarde del jueves, oportunidad en que acord\u00f3 la propuesta de la Federaci\u00f3n Nacional de Docentes Universitarios (Conadu) de realizar un paro de todas las federaciones nacionales los d\u00edas 17 y 18 de marzo. La medida surgi\u00f3 a propuesta del Plenario de&#8230;<\/p>\n","protected":false},"author":3,"featured_media":120772,"comment_status":"closed","ping_status":"closed","sticky":false,"template":"","format":"standard","meta":[],"categories":[2],"tags":[],"_links":{"self":[{"href":"https:\/\/www.actualidadadiario.com\/index.php\/wp-json\/wp\/v2\/posts\/125594"}],"collection":[{"href":"https:\/\/www.actualidadadiario.com\/index.php\/wp-json\/wp\/v2\/posts"}],"about":[{"href":"https:\/\/www.actualidadadiario.com\/index.php\/wp-json\/wp\/v2\/types\/post"}],"author":[{"embeddable":true,"href":"https:\/\/www.actualidadadiario.com\/index.php\/wp-json\/wp\/v2\/users\/3"}],"replies":[{"embeddable":true,"href":"https:\/\/www.actualidadadiario.com\/index.php\/wp-json\/wp\/v2\/comments?post=125594"}],"version-history":[{"count":1,"href":"https:\/\/www.actualidadadiario.com\/index.php\/wp-json\/wp\/v2\/posts\/125594\/revisions"}],"predecessor-version":[{"id":125595,"href":"https:\/\/www.actualidadadiario.com\/index.php\/wp-json\/wp\/v2\/posts\/125594\/revisions\/125595"}],"wp:featuredmedia":[{"embeddable":true,"href":"https:\/\/www.actualidadadiario.com\/index.php\/wp-json\/wp\/v2\/media\/120772"}],"wp:attachment":[{"href":"https:\/\/www.actualidadadiario.com\/index.php\/wp-json\/wp\/v2\/media?parent=125594"}],"wp:term":[{"taxonomy":"category","embeddable":true,"href":"https:\/\/www.actualidadadiario.com\/index.php\/wp-json\/wp\/v2\/categories?post=125594"},{"taxonomy":"post_tag","embeddable":true,"href":"https:\/\/www.actualidadadiario.com\/index.php\/wp-json\/wp\/v2\/tags?post=125594"}],"curies":[{"name":"wp","href":"https:\/\/api.w.org\/{rel}","templated":true}]}}