{"id":125581,"date":"2025-02-28T10:40:02","date_gmt":"2025-02-28T13:40:02","guid":{"rendered":"https:\/\/www.actualidadadiario.com\/?p=125581"},"modified":"2025-02-28T10:40:02","modified_gmt":"2025-02-28T13:40:02","slug":"viernes-inestable-anuncian-lluvias-y-tormentas-aisladas","status":"publish","type":"post","link":"https:\/\/www.actualidadadiario.com\/index.php\/2025\/02\/28\/viernes-inestable-anuncian-lluvias-y-tormentas-aisladas\/","title":{"rendered":"Viernes inestable, anuncian lluvias y tormentas aisladas"},"content":{"rendered":"<p style=\"text-align: center;\"><em><strong>Si bien no hay alerta, se espera una jornada inestable en distintos puntos de Entre R\u00edos. Anuncian m\u00e1s calor la semana que viene<\/strong><\/em><\/p>\n<p>&nbsp;<\/p>\n<p>&nbsp;<\/p>\n<p>El Servicio Meteorol\u00f3gico Nacional -SMN- informa que este viernes 28 de febrero se presenta con tiempo inestable en Entre R\u00edos. Se prev\u00e9n posibles lluvias y tormentas aisladas en distintos puntos de la provincia.<\/p>\n<p>Cabe aclarar que no se emiti\u00f3 ning\u00fan alerta por fen\u00f3menos intensos, pero s\u00ed se espera elevada nubosidad, con ocasionales precipitaciones en distintas zonas y posibles tormentas localidades y aisladas.<\/p>\n<p>A partir del lunes pr\u00f3ximo, feriado de Carnaval, se espera un aumento de las temperaturas por encima de los 30 grados.<\/p>\n<p>&nbsp;<\/p>\n<p><strong>As\u00ed estar\u00e1 el tiempo hoy<\/strong><\/p>\n<p>En Paran\u00e1, La Paz, Villaguay, Diamante y Nogoy\u00e1 la temperatura m\u00ednima ser\u00e1 de 23 grados y la m\u00e1xima alcanzar\u00e1 los 29 grados. En la capital y alrededores se esperan probables lluvias aisladas de ma\u00f1ana y posibles tormentas aisladas de tarde y noche.<\/p>\n<p>En Concordia, Federal, Feliciano, Federaci\u00f3n y San Salvador, en tanto, se aguarda una m\u00ednima de 24 grados y una m\u00e1xima de 28 grados. Se indican posibles lluvias aisladas de ma\u00f1ana, chaparrones de tarde y cielo mayormente nublado de noche.<\/p>\n<p>En Gualeguaych\u00fa, Col\u00f3n, Uruguay, Tala e Islas se espera una m\u00ednima de 24 grados y una m\u00e1xima de 30 grados. Se indican posibles lluvias aisladas de ma\u00f1ana y tormentas aisladas de la tarde y noche.<\/p>\n<p>En Victoria y Gualeguay se prev\u00e9n 23 grados de m\u00ednima y 29 grados de m\u00e1xima, con ocasionales lluvias aisladas de ma\u00f1ana y tormentas aisladas de tarde y noche.<\/p>\n","protected":false},"excerpt":{"rendered":"<p>Si bien no hay alerta, se espera una jornada inestable en distintos puntos de Entre R\u00edos. Anuncian m\u00e1s calor la semana que viene &nbsp; &nbsp; El Servicio Meteorol\u00f3gico Nacional -SMN- informa que este viernes 28 de febrero se presenta con tiempo inestable en Entre R\u00edos. Se prev\u00e9n posibles lluvias y tormentas aisladas en distintos puntos de la provincia. Cabe aclarar que no se emiti\u00f3 ning\u00fan alerta por fen\u00f3menos intensos, pero s\u00ed se espera elevada nubosidad, con ocasionales precipitaciones en distintas zonas y posibles tormentas localidades y aisladas. A partir del&#8230;<\/p>\n","protected":false},"author":3,"featured_media":118692,"comment_status":"closed","ping_status":"closed","sticky":false,"template":"","format":"standard","meta":[],"categories":[15],"tags":[],"_links":{"self":[{"href":"https:\/\/www.actualidadadiario.com\/index.php\/wp-json\/wp\/v2\/posts\/125581"}],"collection":[{"href":"https:\/\/www.actualidadadiario.com\/index.php\/wp-json\/wp\/v2\/posts"}],"about":[{"href":"https:\/\/www.actualidadadiario.com\/index.php\/wp-json\/wp\/v2\/types\/post"}],"author":[{"embeddable":true,"href":"https:\/\/www.actualidadadiario.com\/index.php\/wp-json\/wp\/v2\/users\/3"}],"replies":[{"embeddable":true,"href":"https:\/\/www.actualidadadiario.com\/index.php\/wp-json\/wp\/v2\/comments?post=125581"}],"version-history":[{"count":1,"href":"https:\/\/www.actualidadadiario.com\/index.php\/wp-json\/wp\/v2\/posts\/125581\/revisions"}],"predecessor-version":[{"id":125582,"href":"https:\/\/www.actualidadadiario.com\/index.php\/wp-json\/wp\/v2\/posts\/125581\/revisions\/125582"}],"wp:featuredmedia":[{"embeddable":true,"href":"https:\/\/www.actualidadadiario.com\/index.php\/wp-json\/wp\/v2\/media\/118692"}],"wp:attachment":[{"href":"https:\/\/www.actualidadadiario.com\/index.php\/wp-json\/wp\/v2\/media?parent=125581"}],"wp:term":[{"taxonomy":"category","embeddable":true,"href":"https:\/\/www.actualidadadiario.com\/index.php\/wp-json\/wp\/v2\/categories?post=125581"},{"taxonomy":"post_tag","embeddable":true,"href":"https:\/\/www.actualidadadiario.com\/index.php\/wp-json\/wp\/v2\/tags?post=125581"}],"curies":[{"name":"wp","href":"https:\/\/api.w.org\/{rel}","templated":true}]}}