{"id":125579,"date":"2025-02-28T10:39:22","date_gmt":"2025-02-28T13:39:22","guid":{"rendered":"https:\/\/www.actualidadadiario.com\/?p=125579"},"modified":"2025-02-28T10:39:22","modified_gmt":"2025-02-28T13:39:22","slug":"el-sector-citricola-advirtio-que-a-pesar-de-las-buenas-producciones-las-ventas-no-acompanan","status":"publish","type":"post","link":"https:\/\/www.actualidadadiario.com\/index.php\/2025\/02\/28\/el-sector-citricola-advirtio-que-a-pesar-de-las-buenas-producciones-las-ventas-no-acompanan\/","title":{"rendered":"El sector citr\u00edcola advirti\u00f3 que a pesar de las buenas producciones las ventas no acompa\u00f1an"},"content":{"rendered":"<p style=\"text-align: center;\"><em><strong>El presidente de la Asociaci\u00f3n de Citricultores de Villa del Rosari, Marcos Dal Mazo, manifest\u00f3 que \u201clos n\u00fameros no son buenos y mucha fruta est\u00e1 quedando en la planta por el bajo consumo\u201d. El dirigente precis\u00f3: \u201cVenimos bien en materia de producci\u00f3n; mientras que, en materia de comercializaci\u00f3n, seguimos con un mercado atrasado, en el cual, los n\u00fameros no son buenos con una demanda muy baja por parte del consumo\u201d<\/strong><\/em><\/p>\n<p>&nbsp;<\/p>\n<p>&nbsp;<\/p>\n<p>El presidente de la Asociaci\u00f3n de Citricultores de Villa del Rosario, Marcos Dal Mazo analiz\u00f3 el momento que vive una de las principales econom\u00edas regionales de la provincia. Destac\u00f3 que la producci\u00f3n es buena, pero que queda mucha fruta en planta por el bajo consumo.<\/p>\n<p>En principio Dal Mazo, seg\u00fan inform\u00f3 Federaci\u00f3n Agraria Argentina de Entre R\u00edos (Faaer), marc\u00f3 claras diferencias, entre lo que es la producci\u00f3n y el mercado: \u201cVenimos bien en materia de producci\u00f3n; mientras que, en materia de comercializaci\u00f3n, seguimos con un mercado atrasado, en el cual, los n\u00fameros no son buenos con una demanda muy baja por parte del consumo\u201d.<\/p>\n<p>El dirigente detall\u00f3 que \u201cbuena parte de la producci\u00f3n est\u00e1 en la planta; mientras que, a esta altura, en otras temporadas est\u00e1bamos terminando la campa\u00f1a\u201d y acot\u00f3 que \u201ctodav\u00eda no dimos inicio a la naranja de fr\u00edo, algo que nos tiene bastante preocupados. Los n\u00fameros son por dem\u00e1s bajos para una fruta que fue guardada con altos costos, ya sea en fr\u00edo, energ\u00eda, y dem\u00e1s gastos\u201d.<\/p>\n<p>En materia sanitaria, indic\u00f3 que el \u201ccrecimiento de la presencia del HLB (Huanglongbing), la\u00a0\u00a0 enfermedad m\u00e1s grave de los c\u00edtricos a nivel mundial, nos tiene muy preocupados\u201d y record\u00f3 que cuando se da un caso hay que erradicar a esa planta, para que no se transmita al resto del lote.\u201d<\/p>\n<p>En este sentido Dal Mazo cont\u00f3 que \u201ccuando la enfermedad se manifiesta en la planta, a trav\u00e9s de un grupo que tenemos los productores, aquellos que no han presentado casos pueden ver como es, como se detecta y c\u00f3mo se act\u00faa\u201d.<\/p>\n","protected":false},"excerpt":{"rendered":"<p>El presidente de la Asociaci\u00f3n de Citricultores de Villa del Rosari, Marcos Dal Mazo, manifest\u00f3 que \u201clos n\u00fameros no son buenos y mucha fruta est\u00e1 quedando en la planta por el bajo consumo\u201d. El dirigente precis\u00f3: \u201cVenimos bien en materia de producci\u00f3n; mientras que, en materia de comercializaci\u00f3n, seguimos con un mercado atrasado, en el cual, los n\u00fameros no son buenos con una demanda muy baja por parte del consumo\u201d &nbsp; &nbsp; El presidente de la Asociaci\u00f3n de Citricultores de Villa del Rosario, Marcos Dal Mazo analiz\u00f3 el momento que&#8230;<\/p>\n","protected":false},"author":3,"featured_media":90690,"comment_status":"closed","ping_status":"closed","sticky":false,"template":"","format":"standard","meta":[],"categories":[15],"tags":[],"_links":{"self":[{"href":"https:\/\/www.actualidadadiario.com\/index.php\/wp-json\/wp\/v2\/posts\/125579"}],"collection":[{"href":"https:\/\/www.actualidadadiario.com\/index.php\/wp-json\/wp\/v2\/posts"}],"about":[{"href":"https:\/\/www.actualidadadiario.com\/index.php\/wp-json\/wp\/v2\/types\/post"}],"author":[{"embeddable":true,"href":"https:\/\/www.actualidadadiario.com\/index.php\/wp-json\/wp\/v2\/users\/3"}],"replies":[{"embeddable":true,"href":"https:\/\/www.actualidadadiario.com\/index.php\/wp-json\/wp\/v2\/comments?post=125579"}],"version-history":[{"count":1,"href":"https:\/\/www.actualidadadiario.com\/index.php\/wp-json\/wp\/v2\/posts\/125579\/revisions"}],"predecessor-version":[{"id":125580,"href":"https:\/\/www.actualidadadiario.com\/index.php\/wp-json\/wp\/v2\/posts\/125579\/revisions\/125580"}],"wp:featuredmedia":[{"embeddable":true,"href":"https:\/\/www.actualidadadiario.com\/index.php\/wp-json\/wp\/v2\/media\/90690"}],"wp:attachment":[{"href":"https:\/\/www.actualidadadiario.com\/index.php\/wp-json\/wp\/v2\/media?parent=125579"}],"wp:term":[{"taxonomy":"category","embeddable":true,"href":"https:\/\/www.actualidadadiario.com\/index.php\/wp-json\/wp\/v2\/categories?post=125579"},{"taxonomy":"post_tag","embeddable":true,"href":"https:\/\/www.actualidadadiario.com\/index.php\/wp-json\/wp\/v2\/tags?post=125579"}],"curies":[{"name":"wp","href":"https:\/\/api.w.org\/{rel}","templated":true}]}}