{"id":125565,"date":"2025-02-27T12:34:59","date_gmt":"2025-02-27T15:34:59","guid":{"rendered":"https:\/\/www.actualidadadiario.com\/?p=125565"},"modified":"2025-02-27T12:34:59","modified_gmt":"2025-02-27T15:34:59","slug":"tras-el-desplante-en-la-cumbre-del-pro-macri-saco-un-tuit-contra-la-designacion-de-lijo","status":"publish","type":"post","link":"https:\/\/www.actualidadadiario.com\/index.php\/2025\/02\/27\/tras-el-desplante-en-la-cumbre-del-pro-macri-saco-un-tuit-contra-la-designacion-de-lijo\/","title":{"rendered":"Tras el desplante en la cumbre del PRO, Macri sac\u00f3 un tuit contra la designaci\u00f3n de Lijo"},"content":{"rendered":"<p style=\"text-align: center;\"><em><strong>Tras no poder consensuar un comunicado, el ex presidente sostuvo que el rechazo es &#8220;la postura mayoritaria&#8221; en el partido<\/strong><\/em><\/p>\n<p>&nbsp;<\/p>\n<p>&nbsp;<\/p>\n<p>Tras no poder consensuar un comunicado con la mesa ejecutiva del PRO, Mauricio Macri tuvo que conformarse con un mandar un tuit de rechazo a la designaci\u00f3n por decreto de Ariel Lijo en la Corte Suprema.<\/p>\n<p>Macri no pudo imponer el rechazo a Lijo y se cruz\u00f3 fuerte con un sector de la mesa ejecutiva del partido, que apoya la jugada de Javier Milei. La voz cantante de ese apoyo la elev\u00f3 Guillermo Montenegro, que cont\u00f3 con el respaldo de algunos de los presentes. Tampoco los gobernadores quieren subirse al rechazo.<\/p>\n<p>Macri tuvo que limitarse a mandar a Alfredo De Angeli a anticipar el rechazo de &#8220;la mayor\u00eda del bloque&#8221; del PRO en el Senado, una manera de confirmar que no hay unanimidad en el partido.<\/p>\n<p>Horas m\u00e1s tarde, casi a las once de la noche, Macri sac\u00f3 un tuit para rechazar la designaci\u00f3n de Lijo, apoyado en un informe de la Fundaci\u00f3n Pensar y con una referencia a cuando\u00a0 como presidente intent\u00f3 meter por decreto a dos jueces en la Corte.<\/p>\n<p>&#8220;La experiencia emp\u00edrica me indica que la designaci\u00f3n de jueces a trav\u00e9s de un mecanismo como el utilizado por el gobierno no es correcta&#8221;, dijo Macri en una referencia a cuando design\u00f3 a Rosatti y Rosenkrantz por decreto, pero tuvo que dar marcha atr\u00e1s.<\/p>\n<p>&#8220;Ratifico mi posici\u00f3n de que los jueces que ocupen los cargos m\u00e1s altos del Poder Judicial no pueden ser objeto de tanto rechazo. La confianza en la justicia y en las instituciones es una condici\u00f3n indispensable para la estabilidad de la democracia y la prosperidad del pa\u00eds&#8221;, dijo respecto a Lijo.<\/p>\n<p>Luego intent\u00f3 instalar el rechazo del partido, pero admiti\u00f3 que no hay unanimidad: &#8220;Mi posici\u00f3n es la mayoritaria dentro del PRO, como qued\u00f3 plasmada en el informe producido por la Fundaci\u00f3n Pensar&#8221;.<\/p>\n<p>La experiencia emp\u00edrica me indica que la designaci\u00f3n de jueces a trav\u00e9s de un mecanismo como el utilizado por el gobierno no es correcta. Ratifico mi posici\u00f3n de que los jueces que ocupen los cargos m\u00e1s altos del Poder Judicial no pueden ser objeto de tanto rechazo.<\/p>\n","protected":false},"excerpt":{"rendered":"<p>Tras no poder consensuar un comunicado, el ex presidente sostuvo que el rechazo es &#8220;la postura mayoritaria&#8221; en el partido &nbsp; &nbsp; Tras no poder consensuar un comunicado con la mesa ejecutiva del PRO, Mauricio Macri tuvo que conformarse con un mandar un tuit de rechazo a la designaci\u00f3n por decreto de Ariel Lijo en la Corte Suprema. Macri no pudo imponer el rechazo a Lijo y se cruz\u00f3 fuerte con un sector de la mesa ejecutiva del partido, que apoya la jugada de Javier Milei. La voz cantante de&#8230;<\/p>\n","protected":false},"author":3,"featured_media":125566,"comment_status":"closed","ping_status":"closed","sticky":false,"template":"","format":"standard","meta":[],"categories":[18],"tags":[],"_links":{"self":[{"href":"https:\/\/www.actualidadadiario.com\/index.php\/wp-json\/wp\/v2\/posts\/125565"}],"collection":[{"href":"https:\/\/www.actualidadadiario.com\/index.php\/wp-json\/wp\/v2\/posts"}],"about":[{"href":"https:\/\/www.actualidadadiario.com\/index.php\/wp-json\/wp\/v2\/types\/post"}],"author":[{"embeddable":true,"href":"https:\/\/www.actualidadadiario.com\/index.php\/wp-json\/wp\/v2\/users\/3"}],"replies":[{"embeddable":true,"href":"https:\/\/www.actualidadadiario.com\/index.php\/wp-json\/wp\/v2\/comments?post=125565"}],"version-history":[{"count":1,"href":"https:\/\/www.actualidadadiario.com\/index.php\/wp-json\/wp\/v2\/posts\/125565\/revisions"}],"predecessor-version":[{"id":125567,"href":"https:\/\/www.actualidadadiario.com\/index.php\/wp-json\/wp\/v2\/posts\/125565\/revisions\/125567"}],"wp:featuredmedia":[{"embeddable":true,"href":"https:\/\/www.actualidadadiario.com\/index.php\/wp-json\/wp\/v2\/media\/125566"}],"wp:attachment":[{"href":"https:\/\/www.actualidadadiario.com\/index.php\/wp-json\/wp\/v2\/media?parent=125565"}],"wp:term":[{"taxonomy":"category","embeddable":true,"href":"https:\/\/www.actualidadadiario.com\/index.php\/wp-json\/wp\/v2\/categories?post=125565"},{"taxonomy":"post_tag","embeddable":true,"href":"https:\/\/www.actualidadadiario.com\/index.php\/wp-json\/wp\/v2\/tags?post=125565"}],"curies":[{"name":"wp","href":"https:\/\/api.w.org\/{rel}","templated":true}]}}