{"id":125563,"date":"2025-02-27T12:33:41","date_gmt":"2025-02-27T15:33:41","guid":{"rendered":"https:\/\/www.actualidadadiario.com\/?p=125563"},"modified":"2025-02-27T12:33:41","modified_gmt":"2025-02-27T15:33:41","slug":"el-consumo-no-repunta-ventas-en-supermercados-y-mayoristas-cayeron-hasta-un-15-en-2024","status":"publish","type":"post","link":"https:\/\/www.actualidadadiario.com\/index.php\/2025\/02\/27\/el-consumo-no-repunta-ventas-en-supermercados-y-mayoristas-cayeron-hasta-un-15-en-2024\/","title":{"rendered":"El consumo no repunta: ventas en supermercados y mayoristas cayeron hasta un 15% en 2024"},"content":{"rendered":"<p style=\"text-align: center;\"><em><strong>Lo mismo ocurre en las mediciones interanuales y mensuales. En cuanto a los supermercados, la din\u00e1mica de las ventas muestra que se percibe un estancamiento tras tocar un piso en abril del a\u00f1o pasado. Mientras tanto, en los mayoristas el desplome de las ventas fue el m\u00e1s profundo desde agosto de 2022<\/strong><\/em><\/p>\n<p>&nbsp;<\/p>\n<p>&nbsp;<\/p>\n<p>En los supermercados, las ventas siguen sin repuntar: cayeron 0,3% mensual en diciembre, mientras que en autoservicios mayoristas se desplomaron 13,2%.<\/p>\n<p>As\u00ed lo inform\u00f3 el INDEC este mi\u00e9rcoles en un informe. En cuanto a los supermercados, la din\u00e1mica de las ventas muestra que, tras tocar un piso en abril de 2024, se percibe un estancamiento; en efecto, el dato de la serie desestacionalizada de diciembre es levemente m\u00e1s bajo que el de mayo.<\/p>\n<p>En t\u00e9rminos interanuales, la contracci\u00f3n fue del 3,3% y el derrumbe acumulado durante el a\u00f1o pasado ascendi\u00f3 al 11%.<\/p>\n<p>En el segmento de alimentos, en diciembre se destacaron aumentos reales anuales en las ventas de l\u00e1cteos, panader\u00eda y verduler\u00eda. Por el contrario, productos de mucha incidencia como art\u00edculos de almac\u00e9n, bebidas y carnes, arrojaron ca\u00eddas.<\/p>\n<p>En cuanto a los medios de pago, aquellos caracterizados como &#8220;otros&#8221; (que incluye, por ejemplo, pagos con c\u00f3digo QR) fueron los \u00fanicos que mostraron un avance interanual. Las compras con tarjetas de cr\u00e9dito casi que emparentaron a la inflaci\u00f3n, mientras que las tarjetas de d\u00e9bito y el efectivo presentaron fuertes bajas.<\/p>\n<p>Mientras tanto, en los mayoristas el desplome de las ventas fue el m\u00e1s profundo desde agosto de 2022. En t\u00e9rminos anuales, la variaci\u00f3n negativa de diciembre fue del 14,5%, mientras que el acumulado de 2024 arroj\u00f3 un &#8220;rojo&#8221; porcentual del 15%.<\/p>\n<p>La tendencia en cuanto a los medios de pago fue similar a la verificada en supermercados. En cuanto a los productos, en todos los alimentos hubo ca\u00eddas reales respecto de diciembre de 2023.<\/p>\n","protected":false},"excerpt":{"rendered":"<p>Lo mismo ocurre en las mediciones interanuales y mensuales. En cuanto a los supermercados, la din\u00e1mica de las ventas muestra que se percibe un estancamiento tras tocar un piso en abril del a\u00f1o pasado. Mientras tanto, en los mayoristas el desplome de las ventas fue el m\u00e1s profundo desde agosto de 2022 &nbsp; &nbsp; En los supermercados, las ventas siguen sin repuntar: cayeron 0,3% mensual en diciembre, mientras que en autoservicios mayoristas se desplomaron 13,2%. As\u00ed lo inform\u00f3 el INDEC este mi\u00e9rcoles en un informe. En cuanto a los supermercados,&#8230;<\/p>\n","protected":false},"author":3,"featured_media":97395,"comment_status":"closed","ping_status":"closed","sticky":false,"template":"","format":"standard","meta":[],"categories":[9],"tags":[],"_links":{"self":[{"href":"https:\/\/www.actualidadadiario.com\/index.php\/wp-json\/wp\/v2\/posts\/125563"}],"collection":[{"href":"https:\/\/www.actualidadadiario.com\/index.php\/wp-json\/wp\/v2\/posts"}],"about":[{"href":"https:\/\/www.actualidadadiario.com\/index.php\/wp-json\/wp\/v2\/types\/post"}],"author":[{"embeddable":true,"href":"https:\/\/www.actualidadadiario.com\/index.php\/wp-json\/wp\/v2\/users\/3"}],"replies":[{"embeddable":true,"href":"https:\/\/www.actualidadadiario.com\/index.php\/wp-json\/wp\/v2\/comments?post=125563"}],"version-history":[{"count":1,"href":"https:\/\/www.actualidadadiario.com\/index.php\/wp-json\/wp\/v2\/posts\/125563\/revisions"}],"predecessor-version":[{"id":125564,"href":"https:\/\/www.actualidadadiario.com\/index.php\/wp-json\/wp\/v2\/posts\/125563\/revisions\/125564"}],"wp:featuredmedia":[{"embeddable":true,"href":"https:\/\/www.actualidadadiario.com\/index.php\/wp-json\/wp\/v2\/media\/97395"}],"wp:attachment":[{"href":"https:\/\/www.actualidadadiario.com\/index.php\/wp-json\/wp\/v2\/media?parent=125563"}],"wp:term":[{"taxonomy":"category","embeddable":true,"href":"https:\/\/www.actualidadadiario.com\/index.php\/wp-json\/wp\/v2\/categories?post=125563"},{"taxonomy":"post_tag","embeddable":true,"href":"https:\/\/www.actualidadadiario.com\/index.php\/wp-json\/wp\/v2\/tags?post=125563"}],"curies":[{"name":"wp","href":"https:\/\/api.w.org\/{rel}","templated":true}]}}