{"id":125557,"date":"2025-02-27T12:31:45","date_gmt":"2025-02-27T15:31:45","guid":{"rendered":"https:\/\/www.actualidadadiario.com\/?p=125557"},"modified":"2025-02-27T12:32:00","modified_gmt":"2025-02-27T15:32:00","slug":"es-oficial-la-fecha-y-hora-de-la-convocatoria-a-la-asamblea-legislativa","status":"publish","type":"post","link":"https:\/\/www.actualidadadiario.com\/index.php\/2025\/02\/27\/es-oficial-la-fecha-y-hora-de-la-convocatoria-a-la-asamblea-legislativa\/","title":{"rendered":"Es oficial la fecha y hora de la convocatoria a la Asamblea Legislativa"},"content":{"rendered":"<p style=\"text-align: center;\"><em><strong>El presidente Javier Milei brindar\u00e1 un discurso de unos 45 minutos. Se prev\u00e9 que realizar\u00e1 un auto elogioso balance del primer a\u00f1o de gesti\u00f3n libertaria<\/strong><\/em><\/p>\n<p>&nbsp;<\/p>\n<p>&nbsp;<\/p>\n<p>El presidente Javier Milei oficializ\u00f3 este jueves la convocatoria a la apertura de un nuevo per\u00edodo de sesiones del Congreso de la Naci\u00f3n. As\u00ed qued\u00f3 plasmado en el Decreto 140\/2025 publicado hoy en el Bolet\u00edn Oficial con las firmas de Milei y el jefe de Gabinete de ministros de la Naci\u00f3n, Guillermo Francos.<\/p>\n<p>La convocatoria a la Asamblea Legislativa, que re\u00fane en simult\u00e1neo a ambos cuerpos del Congreso de la Naci\u00f3n en la C\u00e1mara Baja es para el pr\u00f3ximo s\u00e1bado 1\u00b0 de marzo a las 21. Sin embargo distintos sectores de la oposici\u00f3n ya adelantaron que pegar\u00e1n el faltazo a la cita como modo de protesta ante el avasallamiento de las instituciones que caracteriza a la gesti\u00f3n libertaria y que tiene en la designaci\u00f3n por decreto en comisi\u00f3n de dos nuevos ministros de la Corte Suprema, su \u00faltimo y quiz\u00e1s m\u00e1s grave cap\u00edtulo.<\/p>\n<p>Los detalles de la convocatoria ya hab\u00eda anticipada por Milei en sus redes sociales y se espera que brinde un discurso en el que realizar\u00e1 un auto elogioso balance de su primer a\u00f1o de gesti\u00f3n en medio del esc\u00e1ndalo que lo tiene en el ojo de la tormenta luego de haber promocionado activamente una estafa con la criptomoneda $LIBRA que dej\u00f3 cerca de 50 mil damnificados y ganancias por 100 millones de d\u00f3lares para un pu\u00f1ado de c\u00f3mplices.<\/p>\n<p>Por segundo a\u00f1o consecutivo, Milei eligi\u00f3 un horario de prime time televisivo, a la espera de lograr reunir una mayor audiencia. Seg\u00fan trascendi\u00f3 en las \u00faltimas horas el contenido de su discurso, que se espera ser\u00e1 explosivo como de costumbre, est\u00e1 a cargo de su asesor sin cargo oficial e integrante del denominado &#8220;c\u00edrculo de hierro&#8221;, Santiago Caputo.<\/p>\n<p>Seg\u00fan adelantaron fuentes de Casa Rosada, Milei tiene previsto dar las puntadas finales este jueves al discurso que, se prev\u00e9, incluir\u00e1 el anuncio de m\u00e1s de 30 proyectos que impulsar\u00e1 a lo largo de este a\u00f1o. Se espera adem\u00e1s que la exposici\u00f3n del mandatario libertario se extienda por unos 45 minutos durante los que leer\u00e1 unas 40 carillas.<\/p>\n","protected":false},"excerpt":{"rendered":"<p>El presidente Javier Milei brindar\u00e1 un discurso de unos 45 minutos. Se prev\u00e9 que realizar\u00e1 un auto elogioso balance del primer a\u00f1o de gesti\u00f3n libertaria &nbsp; &nbsp; El presidente Javier Milei oficializ\u00f3 este jueves la convocatoria a la apertura de un nuevo per\u00edodo de sesiones del Congreso de la Naci\u00f3n. As\u00ed qued\u00f3 plasmado en el Decreto 140\/2025 publicado hoy en el Bolet\u00edn Oficial con las firmas de Milei y el jefe de Gabinete de ministros de la Naci\u00f3n, Guillermo Francos. La convocatoria a la Asamblea Legislativa, que re\u00fane en simult\u00e1neo&#8230;<\/p>\n","protected":false},"author":3,"featured_media":125558,"comment_status":"closed","ping_status":"closed","sticky":false,"template":"","format":"standard","meta":[],"categories":[9],"tags":[],"_links":{"self":[{"href":"https:\/\/www.actualidadadiario.com\/index.php\/wp-json\/wp\/v2\/posts\/125557"}],"collection":[{"href":"https:\/\/www.actualidadadiario.com\/index.php\/wp-json\/wp\/v2\/posts"}],"about":[{"href":"https:\/\/www.actualidadadiario.com\/index.php\/wp-json\/wp\/v2\/types\/post"}],"author":[{"embeddable":true,"href":"https:\/\/www.actualidadadiario.com\/index.php\/wp-json\/wp\/v2\/users\/3"}],"replies":[{"embeddable":true,"href":"https:\/\/www.actualidadadiario.com\/index.php\/wp-json\/wp\/v2\/comments?post=125557"}],"version-history":[{"count":2,"href":"https:\/\/www.actualidadadiario.com\/index.php\/wp-json\/wp\/v2\/posts\/125557\/revisions"}],"predecessor-version":[{"id":125560,"href":"https:\/\/www.actualidadadiario.com\/index.php\/wp-json\/wp\/v2\/posts\/125557\/revisions\/125560"}],"wp:featuredmedia":[{"embeddable":true,"href":"https:\/\/www.actualidadadiario.com\/index.php\/wp-json\/wp\/v2\/media\/125558"}],"wp:attachment":[{"href":"https:\/\/www.actualidadadiario.com\/index.php\/wp-json\/wp\/v2\/media?parent=125557"}],"wp:term":[{"taxonomy":"category","embeddable":true,"href":"https:\/\/www.actualidadadiario.com\/index.php\/wp-json\/wp\/v2\/categories?post=125557"},{"taxonomy":"post_tag","embeddable":true,"href":"https:\/\/www.actualidadadiario.com\/index.php\/wp-json\/wp\/v2\/tags?post=125557"}],"curies":[{"name":"wp","href":"https:\/\/api.w.org\/{rel}","templated":true}]}}