{"id":125555,"date":"2025-02-27T12:30:05","date_gmt":"2025-02-27T15:30:05","guid":{"rendered":"https:\/\/www.actualidadadiario.com\/?p=125555"},"modified":"2025-02-27T12:30:05","modified_gmt":"2025-02-27T15:30:05","slug":"congreso-milei-preve-anunciar-mas-de-30-proyectos-de-ley-en-su-discurso-para-la-apertura-de-sesiones-ordinarias","status":"publish","type":"post","link":"https:\/\/www.actualidadadiario.com\/index.php\/2025\/02\/27\/congreso-milei-preve-anunciar-mas-de-30-proyectos-de-ley-en-su-discurso-para-la-apertura-de-sesiones-ordinarias\/","title":{"rendered":"Congreso: Milei prev\u00e9 anunciar m\u00e1s de 30 proyectos de ley en su discurso para la Apertura de Sesiones Ordinarias"},"content":{"rendered":"<p style=\"text-align: center;\"><em><strong>El Presidente encabezar\u00e1 su segunda apertura de sesiones frente a un Congreso que contar\u00e1 con ausencias de diputados y senadores de la oposici\u00f3n<\/strong><\/em><\/p>\n<p>&nbsp;<\/p>\n<p>&nbsp;<\/p>\n<p>El presidente Javier Milei anunciar\u00e1 m\u00e1s de 30 proyectos de ley durante el discurso que dar\u00e1 este s\u00e1bado en el Congreso ante la Asamblea Legislativa, con motivo de la apertura de las sesiones ordinarias.<\/p>\n<p>Seg\u00fan consign\u00f3 la periodista Liliana Franco en \u00c1mbito, se espera que el discurso del mandatario dure unos 45 minutos, durante los que leer\u00e1 unas 40 carillas. Las iniciativas que anunciar\u00e1 Milei no ser\u00e1n megaproyectos como la Ley Bases, sino que tendr\u00e1n que ver con &#8220;cuestiones espec\u00edficas e importantes para la gesti\u00f3n&#8221;, precisaron fuentes de Casa Rosada.<\/p>\n<p>&nbsp;<\/p>\n<p><strong>El discurso de Milei<\/strong><\/p>\n<p>El Presidente trazar\u00e1 el eje de su discurso en los resultados alcanzados por el Gobierno en los casi quince meses que lleva de gesti\u00f3n: equilibrio fiscal, baja de la inflaci\u00f3n y recuperaci\u00f3n de la actividad econ\u00f3mica.<\/p>\n<p>Si bien no habr\u00e1 grandes anuncios, se especula con que volver\u00e1 a hacer un llamado a la unidad nacional, tal como lo hizo en la apertura de sesiones de 2024, cuando convoc\u00f3 a los gobernadores a firmar el Pacto de Mayo.<\/p>\n<p>Desde el Poder Ejecutivo se cursaron invitaciones a unos 70 embajadores, a los que se les destinar\u00e1n dos palcos especiales en el Congreso. Desde la oposici\u00f3n adelantaron que habr\u00e1 ausencias. Los senadores de Uni\u00f3n por la Patria ya advirtieron que no acudir\u00e1n al Congreso. Lo mismo hizo Mart\u00edn Lousteau, senador de la UCR. Por su parte, se espera la decisi\u00f3n de los diputados del peronismo, que podr\u00edan seguir el camino de los senadores.<\/p>\n<p>Por estas horas, los diputados de izquierda tambi\u00e9n discuten si ir\u00e1n o no a la apertura de sesiones, mientras que habr\u00e1 ausencias de los bloques Democracia para Siempre y Encuentro Federal. En cuento al PRO, si bien se da por hecho que estar\u00e1n presentes, hay disgusto por la designaci\u00f3n del juez Ariel Lijo como integrante de la Corte Suprema.<\/p>\n","protected":false},"excerpt":{"rendered":"<p>El Presidente encabezar\u00e1 su segunda apertura de sesiones frente a un Congreso que contar\u00e1 con ausencias de diputados y senadores de la oposici\u00f3n &nbsp; &nbsp; El presidente Javier Milei anunciar\u00e1 m\u00e1s de 30 proyectos de ley durante el discurso que dar\u00e1 este s\u00e1bado en el Congreso ante la Asamblea Legislativa, con motivo de la apertura de las sesiones ordinarias. Seg\u00fan consign\u00f3 la periodista Liliana Franco en \u00c1mbito, se espera que el discurso del mandatario dure unos 45 minutos, durante los que leer\u00e1 unas 40 carillas. Las iniciativas que anunciar\u00e1 Milei&#8230;<\/p>\n","protected":false},"author":3,"featured_media":125501,"comment_status":"closed","ping_status":"closed","sticky":false,"template":"","format":"standard","meta":[],"categories":[9],"tags":[],"_links":{"self":[{"href":"https:\/\/www.actualidadadiario.com\/index.php\/wp-json\/wp\/v2\/posts\/125555"}],"collection":[{"href":"https:\/\/www.actualidadadiario.com\/index.php\/wp-json\/wp\/v2\/posts"}],"about":[{"href":"https:\/\/www.actualidadadiario.com\/index.php\/wp-json\/wp\/v2\/types\/post"}],"author":[{"embeddable":true,"href":"https:\/\/www.actualidadadiario.com\/index.php\/wp-json\/wp\/v2\/users\/3"}],"replies":[{"embeddable":true,"href":"https:\/\/www.actualidadadiario.com\/index.php\/wp-json\/wp\/v2\/comments?post=125555"}],"version-history":[{"count":1,"href":"https:\/\/www.actualidadadiario.com\/index.php\/wp-json\/wp\/v2\/posts\/125555\/revisions"}],"predecessor-version":[{"id":125556,"href":"https:\/\/www.actualidadadiario.com\/index.php\/wp-json\/wp\/v2\/posts\/125555\/revisions\/125556"}],"wp:featuredmedia":[{"embeddable":true,"href":"https:\/\/www.actualidadadiario.com\/index.php\/wp-json\/wp\/v2\/media\/125501"}],"wp:attachment":[{"href":"https:\/\/www.actualidadadiario.com\/index.php\/wp-json\/wp\/v2\/media?parent=125555"}],"wp:term":[{"taxonomy":"category","embeddable":true,"href":"https:\/\/www.actualidadadiario.com\/index.php\/wp-json\/wp\/v2\/categories?post=125555"},{"taxonomy":"post_tag","embeddable":true,"href":"https:\/\/www.actualidadadiario.com\/index.php\/wp-json\/wp\/v2\/tags?post=125555"}],"curies":[{"name":"wp","href":"https:\/\/api.w.org\/{rel}","templated":true}]}}