{"id":125553,"date":"2025-02-27T11:55:05","date_gmt":"2025-02-27T14:55:05","guid":{"rendered":"https:\/\/www.actualidadadiario.com\/?p=125553"},"modified":"2025-02-27T11:55:05","modified_gmt":"2025-02-27T14:55:05","slug":"preven-una-gradual-suba-de-temperaturas-en-entre-rios","status":"publish","type":"post","link":"https:\/\/www.actualidadadiario.com\/index.php\/2025\/02\/27\/preven-una-gradual-suba-de-temperaturas-en-entre-rios\/","title":{"rendered":"Prev\u00e9n una gradual suba de temperaturas en Entre R\u00edos"},"content":{"rendered":"<p style=\"text-align: center;\"><em><strong>A partir de este jueves comienzan a subir las temperaturas. El fin de semana llegar\u00e1n los d\u00edas sofocantes otra vez. En algunas zonas siguen esperando lluvias<\/strong><\/em><\/p>\n<p>&nbsp;<\/p>\n<p>&nbsp;<\/p>\n<p>El Servicio Meteorol\u00f3gico Nacional -SMN- indica que persisten las inestabilidades en Entre R\u00edos. Si bien ya no hay alerta por tormentas, no se descartan ocasionales lluvias aisladas en algunas zonas de la provincia.<\/p>\n<p>Para hoy se prev\u00e9 que vuelva a salir el sol, pero se tratar\u00eda de mejoramientos temporarios. Las nubes seguir\u00e1n estando en el cielo. Incluso, se prev\u00e9n que hasta el domingo haya posibles precipitaciones.<\/p>\n<p>Por otra parte, se prev\u00e9 un gradual repunte de las temperaturas a partir de hoy. Desde ma\u00f1ana vuelven las m\u00e1ximas de 30 grados, el fin de semana podr\u00edan trepar hasta los 33 grados y la semana que viene hasta 36 grados.<\/p>\n<p>&nbsp;<\/p>\n<p><strong>El tiempo para hoy<\/strong><\/p>\n<p>En Paran\u00e1, La Paz, Villaguay, Diamante y Nogoy\u00e1 la m\u00ednima ser\u00e1 de 20 grados y la m\u00e1xima alcanzar\u00e1 los 28 grados. Se prev\u00e9 que salga el sol pero luego volver\u00edan las nubes, con posibles tormentas aisladas de tarde y cielo parcialmente nublado de noche.<\/p>\n<p>En Concordia, Federal, Feliciano, Federaci\u00f3n y San Salvador, en tanto, se aguarda una m\u00ednima de 20 grados y una m\u00e1xima de 30 grados. Se anuncia cielo mayormente nublado de ma\u00f1ana y, luego, posibles tormentas aisladas de tarde y noche.<\/p>\n<p>En Gualeguaych\u00fa, Col\u00f3n, Uruguay, Tala e Islas, se espera una m\u00ednima de 16 grados y una m\u00e1xima de 26 grados. Tambi\u00e9n se indica cielo mayormente nublado de ma\u00f1ana y posibles inestabilidades de tarde y noche.<\/p>\n<p>Finalmente, en Victoria y Gualeguay anuncian 19 grados de m\u00ednima y 25 grados de m\u00e1xima, con cielo mayormente nublado durante el d\u00eda y ocasionales tormentas aisladas de tarde.<\/p>\n","protected":false},"excerpt":{"rendered":"<p>A partir de este jueves comienzan a subir las temperaturas. El fin de semana llegar\u00e1n los d\u00edas sofocantes otra vez. En algunas zonas siguen esperando lluvias &nbsp; &nbsp; El Servicio Meteorol\u00f3gico Nacional -SMN- indica que persisten las inestabilidades en Entre R\u00edos. Si bien ya no hay alerta por tormentas, no se descartan ocasionales lluvias aisladas en algunas zonas de la provincia. Para hoy se prev\u00e9 que vuelva a salir el sol, pero se tratar\u00eda de mejoramientos temporarios. Las nubes seguir\u00e1n estando en el cielo. Incluso, se prev\u00e9n que hasta el&#8230;<\/p>\n","protected":false},"author":3,"featured_media":89008,"comment_status":"closed","ping_status":"closed","sticky":false,"template":"","format":"standard","meta":[],"categories":[15],"tags":[],"_links":{"self":[{"href":"https:\/\/www.actualidadadiario.com\/index.php\/wp-json\/wp\/v2\/posts\/125553"}],"collection":[{"href":"https:\/\/www.actualidadadiario.com\/index.php\/wp-json\/wp\/v2\/posts"}],"about":[{"href":"https:\/\/www.actualidadadiario.com\/index.php\/wp-json\/wp\/v2\/types\/post"}],"author":[{"embeddable":true,"href":"https:\/\/www.actualidadadiario.com\/index.php\/wp-json\/wp\/v2\/users\/3"}],"replies":[{"embeddable":true,"href":"https:\/\/www.actualidadadiario.com\/index.php\/wp-json\/wp\/v2\/comments?post=125553"}],"version-history":[{"count":1,"href":"https:\/\/www.actualidadadiario.com\/index.php\/wp-json\/wp\/v2\/posts\/125553\/revisions"}],"predecessor-version":[{"id":125554,"href":"https:\/\/www.actualidadadiario.com\/index.php\/wp-json\/wp\/v2\/posts\/125553\/revisions\/125554"}],"wp:featuredmedia":[{"embeddable":true,"href":"https:\/\/www.actualidadadiario.com\/index.php\/wp-json\/wp\/v2\/media\/89008"}],"wp:attachment":[{"href":"https:\/\/www.actualidadadiario.com\/index.php\/wp-json\/wp\/v2\/media?parent=125553"}],"wp:term":[{"taxonomy":"category","embeddable":true,"href":"https:\/\/www.actualidadadiario.com\/index.php\/wp-json\/wp\/v2\/categories?post=125553"},{"taxonomy":"post_tag","embeddable":true,"href":"https:\/\/www.actualidadadiario.com\/index.php\/wp-json\/wp\/v2\/tags?post=125553"}],"curies":[{"name":"wp","href":"https:\/\/api.w.org\/{rel}","templated":true}]}}