{"id":125550,"date":"2025-02-27T11:51:32","date_gmt":"2025-02-27T14:51:32","guid":{"rendered":"https:\/\/www.actualidadadiario.com\/?p=125550"},"modified":"2025-02-27T11:51:32","modified_gmt":"2025-02-27T14:51:32","slug":"el-nuevo-ministro-de-salud-de-entre-rios-detallo-los-ejes-centrales-para-este-ano","status":"publish","type":"post","link":"https:\/\/www.actualidadadiario.com\/index.php\/2025\/02\/27\/el-nuevo-ministro-de-salud-de-entre-rios-detallo-los-ejes-centrales-para-este-ano\/","title":{"rendered":"El nuevo ministro de Salud de Entre R\u00edos detall\u00f3 los ejes centrales para este a\u00f1o"},"content":{"rendered":"<p style=\"text-align: center;\"><em><strong>Daniel Blanzaco resalt\u00f3 la idea de fortalecer la atenci\u00f3n primaria, la salud mental y la optimizaci\u00f3n de los recursos dentro del sistema sanitario provincial<\/strong><\/em><\/p>\n<p>&nbsp;<\/p>\n<p>&nbsp;<\/p>\n<p>El ministro de Salud de Entre R\u00edos, Daniel Blanzaco, destac\u00f3 los principales ejes de trabajo para el 2025, poniendo \u00e9nfasis en fortalecer la atenci\u00f3n primaria, la salud mental y la optimizaci\u00f3n de los recursos dentro del sistema sanitario provincial. Adem\u00e1s, asegur\u00f3 que se continuar\u00e1 con los tratamientos de hormonizaci\u00f3n y se reforzar\u00e1 el Calendario de Vacunaci\u00f3n.<\/p>\n<p>Blanzaco explic\u00f3 que durante 2024, y a trav\u00e9s del Programa Entrerriano de Salud, se avanz\u00f3 en la reorganizaci\u00f3n de varios ejes prioritarios, en el marco de un intenso trabajo realizado por un equipo t\u00e9cnico altamente capacitado, en un contexto econ\u00f3mico desafiante. &#8220;Vamos a seguir con la planificaci\u00f3n y continuar con las acciones positivas que pudimos implementar, a pesar de las dificultades&#8221;, se\u00f1al\u00f3.<\/p>\n<p>&nbsp;<\/p>\n<p><strong>Atenci\u00f3n primaria<\/strong><\/p>\n<p>Uno de los puntos principales que destac\u00f3 el ministro fue el fortalecimiento de la atenci\u00f3n primaria de la salud, a trav\u00e9s de toda la red de primer nivel de atenci\u00f3n. &#8220;Seguimos recorriendo los distintos establecimientos de salud junto con las direcciones generales del Primer Nivel de Atenci\u00f3n y de Recursos Materiales de Hospitales y Centros de Atenci\u00f3n Primaria de la Salud, donde durante todo el a\u00f1o pasado hemos detectado carencias tanto en infraestructura como en recursos humanos y hemos avanzado en mejoras&#8221;, explic\u00f3 Blanzaco.<\/p>\n<p>En este sentido, el ministro destac\u00f3 la importancia de reforzar la puerta de ingreso al sistema sanitario, a trav\u00e9s del fortalecimiento de los recursos provinciales para los efectores y de convenios con los gobiernos locales. Adem\u00e1s, se\u00f1al\u00f3 que, en lo que respecta a los hospitales de mayor complejidad, se est\u00e1 trabajando en red, considerando el aumento progresivo de la demanda de atenci\u00f3n, incluso por parte de pacientes mutualizados, una tendencia que se ha intensificado desde la pandemia.<\/p>\n<p>Otro de los lineamientos mencionados por Blanzaco es el fortalecimiento de la Direcci\u00f3n de Salud Mental, con el objetivo de coordinar esfuerzos con distintos sectores como el Ministerio de Desarrollo Humano, el Consejo General de Educaci\u00f3n y la Polic\u00eda, entre otros. La estrategia se implementar\u00e1 a trav\u00e9s de un enfoque regional, considerando los diferentes estratos sociales y grupos etarios, y poniendo \u00e9nfasis en la atenci\u00f3n primaria de la salud mental.<\/p>\n<p>&nbsp;<\/p>\n<p><strong>Hormonizaci\u00f3n y vacunaci\u00f3n<\/strong><\/p>\n<p>Consultado sobre los tratamientos de hormonizaci\u00f3n proporcionados desde los consultorios integrales, Blanzaco aclar\u00f3 que estos contin\u00faan vigentes en la provincia y nunca fueron interrumpidos. &#8220;Partimos de la premisa de respetar el derecho a la identidad de g\u00e9nero de cada persona&#8221;, subray\u00f3.<\/p>\n<p>El ministro tambi\u00e9n destac\u00f3 la necesidad de cumplir con el Calendario Nacional de Vacunaci\u00f3n, especialmente frente a la prevalencia de enfermedades como el sarampi\u00f3n. &#8220;Es fundamental mantener al d\u00eda la vacunaci\u00f3n para evitar brotes de enfermedades prevenibles mediante la inmunizaci\u00f3n&#8221;, sostuvo.<\/p>\n<p>Finalmente, Blanzaco coment\u00f3 sobre el trabajo realizado en el marco de la Misi\u00f3n Dengue, en colaboraci\u00f3n con los municipios. Hasta la fecha, se han registrado 15 casos de dengue, pero destac\u00f3 que, a diferencia del brote del a\u00f1o pasado, la situaci\u00f3n se encuentra bajo control. &#8220;Estamos trabajando intensamente y hasta el momento, los resultados han sido positivos&#8221;, concluy\u00f3.<\/p>\n","protected":false},"excerpt":{"rendered":"<p>Daniel Blanzaco resalt\u00f3 la idea de fortalecer la atenci\u00f3n primaria, la salud mental y la optimizaci\u00f3n de los recursos dentro del sistema sanitario provincial &nbsp; &nbsp; El ministro de Salud de Entre R\u00edos, Daniel Blanzaco, destac\u00f3 los principales ejes de trabajo para el 2025, poniendo \u00e9nfasis en fortalecer la atenci\u00f3n primaria, la salud mental y la optimizaci\u00f3n de los recursos dentro del sistema sanitario provincial. Adem\u00e1s, asegur\u00f3 que se continuar\u00e1 con los tratamientos de hormonizaci\u00f3n y se reforzar\u00e1 el Calendario de Vacunaci\u00f3n. Blanzaco explic\u00f3 que durante 2024, y a trav\u00e9s&#8230;<\/p>\n","protected":false},"author":3,"featured_media":125551,"comment_status":"closed","ping_status":"closed","sticky":false,"template":"","format":"standard","meta":[],"categories":[15],"tags":[],"_links":{"self":[{"href":"https:\/\/www.actualidadadiario.com\/index.php\/wp-json\/wp\/v2\/posts\/125550"}],"collection":[{"href":"https:\/\/www.actualidadadiario.com\/index.php\/wp-json\/wp\/v2\/posts"}],"about":[{"href":"https:\/\/www.actualidadadiario.com\/index.php\/wp-json\/wp\/v2\/types\/post"}],"author":[{"embeddable":true,"href":"https:\/\/www.actualidadadiario.com\/index.php\/wp-json\/wp\/v2\/users\/3"}],"replies":[{"embeddable":true,"href":"https:\/\/www.actualidadadiario.com\/index.php\/wp-json\/wp\/v2\/comments?post=125550"}],"version-history":[{"count":1,"href":"https:\/\/www.actualidadadiario.com\/index.php\/wp-json\/wp\/v2\/posts\/125550\/revisions"}],"predecessor-version":[{"id":125552,"href":"https:\/\/www.actualidadadiario.com\/index.php\/wp-json\/wp\/v2\/posts\/125550\/revisions\/125552"}],"wp:featuredmedia":[{"embeddable":true,"href":"https:\/\/www.actualidadadiario.com\/index.php\/wp-json\/wp\/v2\/media\/125551"}],"wp:attachment":[{"href":"https:\/\/www.actualidadadiario.com\/index.php\/wp-json\/wp\/v2\/media?parent=125550"}],"wp:term":[{"taxonomy":"category","embeddable":true,"href":"https:\/\/www.actualidadadiario.com\/index.php\/wp-json\/wp\/v2\/categories?post=125550"},{"taxonomy":"post_tag","embeddable":true,"href":"https:\/\/www.actualidadadiario.com\/index.php\/wp-json\/wp\/v2\/tags?post=125550"}],"curies":[{"name":"wp","href":"https:\/\/api.w.org\/{rel}","templated":true}]}}