{"id":125533,"date":"2025-02-26T14:32:42","date_gmt":"2025-02-26T17:32:42","guid":{"rendered":"https:\/\/www.actualidadadiario.com\/?p=125533"},"modified":"2025-02-26T14:32:42","modified_gmt":"2025-02-26T17:32:42","slug":"chile-levanta-estado-de-excepcion-por-masivo-apagon","status":"publish","type":"post","link":"https:\/\/www.actualidadadiario.com\/index.php\/2025\/02\/26\/chile-levanta-estado-de-excepcion-por-masivo-apagon\/","title":{"rendered":"Chile levanta estado de excepci\u00f3n por masivo apag\u00f3n"},"content":{"rendered":"<p style=\"text-align: center;\"><em><strong>En Chile se levant\u00f3 el estado de excepci\u00f3n tras el apag\u00f3n masivo que afect\u00f3 a millones de personas<\/strong><\/em><\/p>\n<p>&nbsp;<\/p>\n<p>&nbsp;<\/p>\n<p>El Gobierno de Chile anunci\u00f3 este mi\u00e9rcoles el fin del estado de excepci\u00f3n que permiti\u00f3 imponer el toque de queda, decretado en respuesta al masivo apag\u00f3n que afect\u00f3 el martes al pa\u00eds.<\/p>\n<p>&#8220;El estado de excepci\u00f3n por cat\u00e1strofe se levanta a partir de este momento&#8221; (a las 08H25 locales, 11H25 GMT), declar\u00f3 la ministra chilena del interior, Carolina Toh\u00e1.<\/p>\n<p>La alta funcionaria dijo que &#8220;tambi\u00e9n quedan sin efecto las decisiones (&#8230;) respecto al toque de queda&#8221;, por lo que &#8220;hoy debi\u00e9ramos tener un d\u00eda normal&#8221;.<\/p>\n<p>En pleno verano austral, el 95% de los 20 millones de chilenos sufri\u00f3 la tarde del martes la inusual interrupci\u00f3n del servicio que sumi\u00f3 al pa\u00eds en el caos y el desconcierto.<\/p>\n<p>El apag\u00f3n, que se inici\u00f3 a las 15H16 (18H16 GMT), afect\u00f3 a una vasta zona que va desde la regi\u00f3n de Arica y Parinacota (norte) a la regi\u00f3n de Los Lagos (sur).<\/p>\n<p>En respuesta a la emergencia el gobierno decret\u00f3 el estado de excepci\u00f3n por cat\u00e1strofe e impuso un toque de queda desde las 22H00 locales del martes hasta las 06H00 del mi\u00e9rcoles.<\/p>\n<p>Sin embargo, la Superintendencia de Electricidad y Combustibles (SEC) inform\u00f3 la ma\u00f1ana del mi\u00e9rcoles que el 97,5% de los hogares ya contaban con suministro el\u00e9ctrico.<\/p>\n<p>As\u00ed, los chilenos retornaban a las calles luego del fin del toque de queda. Las personas se movilizaban a sus trabajos, y autos y buses transitaban por las calles.<\/p>\n<p>El metro de Santiago funcionaba con normalidad en todas sus l\u00edneas, luego de que el martes hubo que evacuar a sus pasajeros y cerrar sus estaciones por la falta de energ\u00eda.<\/p>\n<p>El martes en la capital miles de personas tuvieron que caminar por horas en medio de unos 30 grados de temperatura para regresar a sus hogares.<\/p>\n<p>El apag\u00f3n hizo que el gobierno cancelara las clases del mi\u00e9rcoles de 300.000 estudiantes.<\/p>\n<p>Adem\u00e1s, se suspendieron partidos de f\u00fatbol y la tercera noche del Festival Internacional de Vi\u00f1a del Mar.<\/p>\n","protected":false},"excerpt":{"rendered":"<p>En Chile se levant\u00f3 el estado de excepci\u00f3n tras el apag\u00f3n masivo que afect\u00f3 a millones de personas &nbsp; &nbsp; El Gobierno de Chile anunci\u00f3 este mi\u00e9rcoles el fin del estado de excepci\u00f3n que permiti\u00f3 imponer el toque de queda, decretado en respuesta al masivo apag\u00f3n que afect\u00f3 el martes al pa\u00eds. &#8220;El estado de excepci\u00f3n por cat\u00e1strofe se levanta a partir de este momento&#8221; (a las 08H25 locales, 11H25 GMT), declar\u00f3 la ministra chilena del interior, Carolina Toh\u00e1. La alta funcionaria dijo que &#8220;tambi\u00e9n quedan sin efecto las decisiones&#8230;<\/p>\n","protected":false},"author":3,"featured_media":125534,"comment_status":"closed","ping_status":"closed","sticky":false,"template":"","format":"standard","meta":[],"categories":[4],"tags":[],"_links":{"self":[{"href":"https:\/\/www.actualidadadiario.com\/index.php\/wp-json\/wp\/v2\/posts\/125533"}],"collection":[{"href":"https:\/\/www.actualidadadiario.com\/index.php\/wp-json\/wp\/v2\/posts"}],"about":[{"href":"https:\/\/www.actualidadadiario.com\/index.php\/wp-json\/wp\/v2\/types\/post"}],"author":[{"embeddable":true,"href":"https:\/\/www.actualidadadiario.com\/index.php\/wp-json\/wp\/v2\/users\/3"}],"replies":[{"embeddable":true,"href":"https:\/\/www.actualidadadiario.com\/index.php\/wp-json\/wp\/v2\/comments?post=125533"}],"version-history":[{"count":1,"href":"https:\/\/www.actualidadadiario.com\/index.php\/wp-json\/wp\/v2\/posts\/125533\/revisions"}],"predecessor-version":[{"id":125535,"href":"https:\/\/www.actualidadadiario.com\/index.php\/wp-json\/wp\/v2\/posts\/125533\/revisions\/125535"}],"wp:featuredmedia":[{"embeddable":true,"href":"https:\/\/www.actualidadadiario.com\/index.php\/wp-json\/wp\/v2\/media\/125534"}],"wp:attachment":[{"href":"https:\/\/www.actualidadadiario.com\/index.php\/wp-json\/wp\/v2\/media?parent=125533"}],"wp:term":[{"taxonomy":"category","embeddable":true,"href":"https:\/\/www.actualidadadiario.com\/index.php\/wp-json\/wp\/v2\/categories?post=125533"},{"taxonomy":"post_tag","embeddable":true,"href":"https:\/\/www.actualidadadiario.com\/index.php\/wp-json\/wp\/v2\/tags?post=125533"}],"curies":[{"name":"wp","href":"https:\/\/api.w.org\/{rel}","templated":true}]}}