{"id":125530,"date":"2025-02-26T14:31:18","date_gmt":"2025-02-26T17:31:18","guid":{"rendered":"https:\/\/www.actualidadadiario.com\/?p=125530"},"modified":"2025-02-26T14:31:30","modified_gmt":"2025-02-26T17:31:30","slug":"el-papa-francisco-en-estado-critico-pero-estable-el-nuevo-comunicado-del-vaticano","status":"publish","type":"post","link":"https:\/\/www.actualidadadiario.com\/index.php\/2025\/02\/26\/el-papa-francisco-en-estado-critico-pero-estable-el-nuevo-comunicado-del-vaticano\/","title":{"rendered":"El papa Francisco en estado &#8220;cr\u00edtico&#8221; pero estable: el nuevo comunicado del Vaticano"},"content":{"rendered":"<p style=\"text-align: center;\"><em><strong>Aseguraron que el estado del Papa es \u201ccr\u00edtico\u201d, aunque su panorama no se presentaron desmejoras en su salud<\/strong><\/em><\/p>\n<p>&nbsp;<\/p>\n<p>&nbsp;<\/p>\n<p>El Papa Francisco pas\u00f3 &#8220;una noche tranquila&#8221; y se encontraba &#8220;descansando&#8221; en el Policl\u00ednico Gemelli donde permanece internado desde el pasado 14 de febrero, seg\u00fan inform\u00f3 al Oficina de Prensa del Vaticano. En las \u00faltimas horas, se hab\u00eda dado a conocer que present\u00f3 una \u201cleve mejor\u00eda\u201d.<\/p>\n<p>&#8220;El Papa ha pasado una noche tranquila y est\u00e1 descansando&#8221;, indicaron desde la Santa Sede en un comunicado que difundieron en su p\u00e1gina oficial.<\/p>\n<p>Anoche, la entidad se\u00f1al\u00f3 que \u201cEl estado cl\u00ednico del Santo Padre sigue siendo cr\u00edtico pero estable\u201d. Sin embargo, aseguraron que &#8220;no se produjeron episodios respiratorios agudos y los par\u00e1metros hemodin\u00e1micos contin\u00faan estables&#8221;.<\/p>\n<p>&#8220;El Papa se ha sometido a un TAC programado para el control radiol\u00f3gico de la neumon\u00eda bilateral y el pron\u00f3stico sigue siendo reservado\u201d, a\u00f1adi\u00f3 el comunicado del martes.<\/p>\n<p>Entre el fin de semana y el lunes, el cuadro del Sumo Pont\u00edfice se hab\u00eda agravado con una insuficiencia renal que lo dej\u00f3 bajo vigilancia m\u00e9dica, pero con el correr de las horas logr\u00f3 repuntar su estado de salud hasta el \u00faltimo comunicado difundido por El Vaticano.<\/p>\n<p>A pesar de su condici\u00f3n m\u00e9dica, el Papa sigue obrando su labor desde el hospital y mantiene una agenda activa que le permite firmar decretos para la canonizaci\u00f3n de nuevos santos y beatos, recibir a colaboradores cercanos y enviar mensajes de esperanza a fieles alrededor del mundo.<\/p>\n<p>&nbsp;<\/p>\n<p><strong>Crece la expectativa por el sucesor del Papa: c\u00f3mo ser\u00eda el proceso para elegir al siguiente<\/strong><\/p>\n<p>Si bien la salud de Jorge Bergoglio presenta mejor\u00edas, la inc\u00f3gnita sobre el futuro del pr\u00f3ximo l\u00edder de El Vaticano comenz\u00f3 a generar m\u00e1s expectativas con el correr de los d\u00edas. A pocos meses de convertirse en Papa, el sumo pont\u00edfice firm\u00f3 su carta de renuncia que contempla este tipo de situaciones.<\/p>\n<p>Seg\u00fan dijo, esta decisi\u00f3n fue meramente de precauci\u00f3n: en caso de no poder continuar con sus tareas habituales con normalidad, har\u00eda entrega de este documento.<\/p>\n<p>De formalizar la renuncia, se convertir\u00eda en el segundo Papa en abdicar por problemas de salud. El primero fue su antecesor, Benedicto XVI, quien asumi\u00f3 en 2005 y renunci\u00f3 en 2013 alegando un insomnio grave que le imped\u00eda cumplir con las responsabilidades del cargo. Finalmente, falleci\u00f3 en diciembre de 2022.<\/p>\n<p>De renunciar o fallecer, en El Vaticano comenzar\u00eda un arduo proceso para elegir qui\u00e9n lo reemplazar\u00e1 al frente de la Santa Sede, que se repiti\u00f3 por miles de a\u00f1os.<\/p>\n","protected":false},"excerpt":{"rendered":"<p>Aseguraron que el estado del Papa es \u201ccr\u00edtico\u201d, aunque su panorama no se presentaron desmejoras en su salud &nbsp; &nbsp; El Papa Francisco pas\u00f3 &#8220;una noche tranquila&#8221; y se encontraba &#8220;descansando&#8221; en el Policl\u00ednico Gemelli donde permanece internado desde el pasado 14 de febrero, seg\u00fan inform\u00f3 al Oficina de Prensa del Vaticano. En las \u00faltimas horas, se hab\u00eda dado a conocer que present\u00f3 una \u201cleve mejor\u00eda\u201d. &#8220;El Papa ha pasado una noche tranquila y est\u00e1 descansando&#8221;, indicaron desde la Santa Sede en un comunicado que difundieron en su p\u00e1gina oficial&#8230;.<\/p>\n","protected":false},"author":3,"featured_media":125465,"comment_status":"closed","ping_status":"closed","sticky":false,"template":"","format":"standard","meta":[],"categories":[4],"tags":[],"_links":{"self":[{"href":"https:\/\/www.actualidadadiario.com\/index.php\/wp-json\/wp\/v2\/posts\/125530"}],"collection":[{"href":"https:\/\/www.actualidadadiario.com\/index.php\/wp-json\/wp\/v2\/posts"}],"about":[{"href":"https:\/\/www.actualidadadiario.com\/index.php\/wp-json\/wp\/v2\/types\/post"}],"author":[{"embeddable":true,"href":"https:\/\/www.actualidadadiario.com\/index.php\/wp-json\/wp\/v2\/users\/3"}],"replies":[{"embeddable":true,"href":"https:\/\/www.actualidadadiario.com\/index.php\/wp-json\/wp\/v2\/comments?post=125530"}],"version-history":[{"count":2,"href":"https:\/\/www.actualidadadiario.com\/index.php\/wp-json\/wp\/v2\/posts\/125530\/revisions"}],"predecessor-version":[{"id":125532,"href":"https:\/\/www.actualidadadiario.com\/index.php\/wp-json\/wp\/v2\/posts\/125530\/revisions\/125532"}],"wp:featuredmedia":[{"embeddable":true,"href":"https:\/\/www.actualidadadiario.com\/index.php\/wp-json\/wp\/v2\/media\/125465"}],"wp:attachment":[{"href":"https:\/\/www.actualidadadiario.com\/index.php\/wp-json\/wp\/v2\/media?parent=125530"}],"wp:term":[{"taxonomy":"category","embeddable":true,"href":"https:\/\/www.actualidadadiario.com\/index.php\/wp-json\/wp\/v2\/categories?post=125530"},{"taxonomy":"post_tag","embeddable":true,"href":"https:\/\/www.actualidadadiario.com\/index.php\/wp-json\/wp\/v2\/tags?post=125530"}],"curies":[{"name":"wp","href":"https:\/\/api.w.org\/{rel}","templated":true}]}}