{"id":125523,"date":"2025-02-26T14:05:48","date_gmt":"2025-02-26T17:05:48","guid":{"rendered":"https:\/\/www.actualidadadiario.com\/?p=125523"},"modified":"2025-02-26T14:05:48","modified_gmt":"2025-02-26T17:05:48","slug":"apertura-de-sesiones-senadores-de-union-por-la-patria-confirmaron-ausencia-pero-restan-definir-los-diputados","status":"publish","type":"post","link":"https:\/\/www.actualidadadiario.com\/index.php\/2025\/02\/26\/apertura-de-sesiones-senadores-de-union-por-la-patria-confirmaron-ausencia-pero-restan-definir-los-diputados\/","title":{"rendered":"Apertura de sesiones: senadores de Uni\u00f3n por la Patria confirmaron ausencia pero restan definir los diputados"},"content":{"rendered":"<p style=\"text-align: center;\"><em><strong>Luego de que la bancada que conduce Jos\u00e9 Mayans decidiera vaciarle el recinto a Javier Milei, los diputados peronistas debaten qu\u00e9 postura tomar. El tema divide aguas dentro del bloque que conduce Germ\u00e1n Mart\u00ednez<\/strong><\/em><\/p>\n<p>&nbsp;<\/p>\n<p>&nbsp;<\/p>\n<p>\u201cO vamos todos o no va nadie\u201d. Eso debaten, por estas horas, los diputados de Uni\u00f3n por la Patria respecto de la apertura de sesiones ordinarias que encabezar\u00e1 Javier Milei este s\u00e1bado a las 21. El intr\u00edngulis en el que se encuentra la bancada surgi\u00f3 a ra\u00edz de sus pares del Senado que este lunes definieron, por unanimidad, pegar el faltazo al acto que se celebrar\u00e1 en el Congreso de la Naci\u00f3n.<\/p>\n<p>\u201cLo senadores condicionaron\u201d, reconoci\u00f3 un diputado de Uni\u00f3n por la Patria a este medio. La confesi\u00f3n fue hecha a este medio este mi\u00e9rcoles por la ma\u00f1ana a trav\u00e9s de WhatsApp mientras se llevaba adelante un encuentro por zoom entre los integrantes del bloque. El objetivo de la reuni\u00f3n, de la que particip\u00f3 el grueso de los legisladores, era definir si se replicaba la decisi\u00f3n de los senadores o, por el contrario, si asist\u00edan al Palacio.<\/p>\n<p>Jos\u00e9 Mayans, presidente de Uni\u00f3n por la Patria en el Senado, dio a conocer la decisi\u00f3n de su espacio el lunes por la tarde, luego de que fracasara la sesi\u00f3n preparatoria en la que se definir\u00edan las autoridades de la C\u00e1mara alta.<\/p>\n<p>Los argumentos que dio el formose\u00f1o fueron varios. Entre ellos, aludi\u00f3 a las presiones que ejercieron desde Casa Rosada a los senadores de la UCR, que lograron ponerle un freno a la conformaci\u00f3n de la comisi\u00f3n investigadora por el caso $LIBRA. Asimismo, los senadores de UP optaron por la ausencia a la Asamblea Legislativa en repudio a la decisi\u00f3n del Poder Ejecutivo de no tratar el Presupuesto 2025 en el Congreso. Y, por \u00faltimo, como forma de rechazo a los \u00faltimos dichos de Javier Milei en los Estados Unidos, donde, recalc\u00f3 Mayans, el mandatario tild\u00f3 al Estado de \u201cmafia que hay que exterminar\u201d.<\/p>\n<p>La decisi\u00f3n de los senadores forz\u00f3 a los diputados a discutir la asistencia al evento. \u201cNo lo vamos a definir hoy, cada d\u00eda se agregan m\u00e1s elementos para la definici\u00f3n. Y no queremos hac\u00e9rsela f\u00e1cil ni al Presidente ni a los amigables\u201d, dijo un diputado de UP que particip\u00f3 de la reuni\u00f3n del bloque.<\/p>\n<p>Al mismo tiempo, esa fuente se pregunt\u00f3: \u201c\u00bfVan a estar Lijo y Mansilla sentados?\u201d. Tras ser nombrados miembros de la Corte por decreto, la duda es si ambos asistir\u00e1n al evento.<\/p>\n<p>&nbsp;<\/p>\n<p><strong>Horas decisivas<\/strong><\/p>\n<p>La decisi\u00f3n final se tomar\u00e1 este jueves por la tarde. Pero, seg\u00fan pudo saber este medio, el grueso de los diputados que se pronunciaron durante la reuni\u00f3n plantearon plegarse a los senadores. Los argumentos son similares a los de sus pares de la C\u00e1mara Alta. &#8220;No legitimar a un presidente estafador, mentiroso, coimero, que no respeta la divisi\u00f3n de poderes, al Congreso y que nombra jueces de la Corte por decreto. Podr\u00eda seguir&#8230;&#8221;, fue la respuesta de una de las diputadas que promueve el faltazo.<\/p>\n<p>&#8220;Le acabamos de meter un pedido de juicio pol\u00edtico. Es contradictorio&#8221;, dijo otra diputada que promueve vaciar el recinto. &#8220;Adem\u00e1s, va a ser un circo solo para Milei. Ni medios va a haber&#8221;, agreg\u00f3 esa misma legisladora. Es que la orden de Casa Rosada fue que no ingresaran reporteros gr\u00e1ficos al Palacio. Tras las fuertes cr\u00edticas que recibi\u00f3 la secretaria General de Presidencia Karina Milei por la decisi\u00f3n, se les concedi\u00f3 que accedan a uno de los palcos. En cuanto a la prensa acreditada, la orden de la hermana del Presidente fue correrlos de su palco hist\u00f3tico a una de las bandejas del costado (donde se ubican los invitados).<\/p>\n<p>\u201cYo creo que hay que ir y putearlo\u201d, dijo uno de los diputados que particip\u00f3 del zoom y que se encuentra entre la minor\u00eda que quiere dar el presente en el acto del s\u00e1bado. Los diputados que mantienen esa postura argumentaron durante la reuni\u00f3n que su ausencia implicar\u00e1 \u201chacerle el juego\u201d al Presidente.<\/p>\n<p>\u201cYo hubiera preferido ir, pero s\u00f3lo si \u00edbamos todos\u201d, plante\u00f3 otro de los participantes del encuentro, quien asegura que las chances de que la decisi\u00f3n final sea ausentarse son del \u201c99%\u201d.<\/p>\n","protected":false},"excerpt":{"rendered":"<p>Luego de que la bancada que conduce Jos\u00e9 Mayans decidiera vaciarle el recinto a Javier Milei, los diputados peronistas debaten qu\u00e9 postura tomar. El tema divide aguas dentro del bloque que conduce Germ\u00e1n Mart\u00ednez &nbsp; &nbsp; \u201cO vamos todos o no va nadie\u201d. Eso debaten, por estas horas, los diputados de Uni\u00f3n por la Patria respecto de la apertura de sesiones ordinarias que encabezar\u00e1 Javier Milei este s\u00e1bado a las 21. El intr\u00edngulis en el que se encuentra la bancada surgi\u00f3 a ra\u00edz de sus pares del Senado que este&#8230;<\/p>\n","protected":false},"author":3,"featured_media":124935,"comment_status":"closed","ping_status":"closed","sticky":false,"template":"","format":"standard","meta":[],"categories":[18],"tags":[],"_links":{"self":[{"href":"https:\/\/www.actualidadadiario.com\/index.php\/wp-json\/wp\/v2\/posts\/125523"}],"collection":[{"href":"https:\/\/www.actualidadadiario.com\/index.php\/wp-json\/wp\/v2\/posts"}],"about":[{"href":"https:\/\/www.actualidadadiario.com\/index.php\/wp-json\/wp\/v2\/types\/post"}],"author":[{"embeddable":true,"href":"https:\/\/www.actualidadadiario.com\/index.php\/wp-json\/wp\/v2\/users\/3"}],"replies":[{"embeddable":true,"href":"https:\/\/www.actualidadadiario.com\/index.php\/wp-json\/wp\/v2\/comments?post=125523"}],"version-history":[{"count":1,"href":"https:\/\/www.actualidadadiario.com\/index.php\/wp-json\/wp\/v2\/posts\/125523\/revisions"}],"predecessor-version":[{"id":125524,"href":"https:\/\/www.actualidadadiario.com\/index.php\/wp-json\/wp\/v2\/posts\/125523\/revisions\/125524"}],"wp:featuredmedia":[{"embeddable":true,"href":"https:\/\/www.actualidadadiario.com\/index.php\/wp-json\/wp\/v2\/media\/124935"}],"wp:attachment":[{"href":"https:\/\/www.actualidadadiario.com\/index.php\/wp-json\/wp\/v2\/media?parent=125523"}],"wp:term":[{"taxonomy":"category","embeddable":true,"href":"https:\/\/www.actualidadadiario.com\/index.php\/wp-json\/wp\/v2\/categories?post=125523"},{"taxonomy":"post_tag","embeddable":true,"href":"https:\/\/www.actualidadadiario.com\/index.php\/wp-json\/wp\/v2\/tags?post=125523"}],"curies":[{"name":"wp","href":"https:\/\/api.w.org\/{rel}","templated":true}]}}