{"id":125521,"date":"2025-02-26T14:04:39","date_gmt":"2025-02-26T17:04:39","guid":{"rendered":"https:\/\/www.actualidadadiario.com\/?p=125521"},"modified":"2025-02-26T14:04:39","modified_gmt":"2025-02-26T17:04:39","slug":"adorni-los-jueces-estan-designados-en-comision-y-esa-es-la-decision-del-presidente","status":"publish","type":"post","link":"https:\/\/www.actualidadadiario.com\/index.php\/2025\/02\/26\/adorni-los-jueces-estan-designados-en-comision-y-esa-es-la-decision-del-presidente\/","title":{"rendered":"Adorni: &#8220;Los jueces est\u00e1n designados en comisi\u00f3n y esa es la decisi\u00f3n del Presidente&#8221;"},"content":{"rendered":"<p style=\"text-align: center;\"><em><strong>El vocero presidencial consider\u00f3 que &#8220;no hay mucho m\u00e1s que aclarar&#8221; sobre el nombramiento por decreto de Ariel Lijo y Manuel Garc\u00eda Mansilla en la Corte Suprema<\/strong><\/em><\/p>\n<p>&nbsp;<\/p>\n<p>&nbsp;<\/p>\n<p>&#8220;Los jueces est\u00e1n designados en comisi\u00f3n y esa es la decisi\u00f3n del Presidente y es lo que est\u00e1 ocurriendo y se seguir\u00e1n los pasos legales que se requieran para que esto efectivamente sea as\u00ed. No hay mucho m\u00e1s para aclarar, despu\u00e9s de un a\u00f1o que el Senado teniendo pliegos de dos personas, que cumpl\u00edan con los requisitos t\u00e9cnicos y de idoneidad, no han logrado avanzar y, por supuesto, est\u00e1 dentro de las atribuciones constitucionales del Presidente, est\u00e1 de m\u00e1s aclararlo&#8221;, argument\u00f3.<\/p>\n","protected":false},"excerpt":{"rendered":"<p>El vocero presidencial consider\u00f3 que &#8220;no hay mucho m\u00e1s que aclarar&#8221; sobre el nombramiento por decreto de Ariel Lijo y Manuel Garc\u00eda Mansilla en la Corte Suprema &nbsp; &nbsp; &#8220;Los jueces est\u00e1n designados en comisi\u00f3n y esa es la decisi\u00f3n del Presidente y es lo que est\u00e1 ocurriendo y se seguir\u00e1n los pasos legales que se requieran para que esto efectivamente sea as\u00ed. No hay mucho m\u00e1s para aclarar, despu\u00e9s de un a\u00f1o que el Senado teniendo pliegos de dos personas, que cumpl\u00edan con los requisitos t\u00e9cnicos y de idoneidad,&#8230;<\/p>\n","protected":false},"author":3,"featured_media":114899,"comment_status":"closed","ping_status":"closed","sticky":false,"template":"","format":"standard","meta":[],"categories":[18],"tags":[],"_links":{"self":[{"href":"https:\/\/www.actualidadadiario.com\/index.php\/wp-json\/wp\/v2\/posts\/125521"}],"collection":[{"href":"https:\/\/www.actualidadadiario.com\/index.php\/wp-json\/wp\/v2\/posts"}],"about":[{"href":"https:\/\/www.actualidadadiario.com\/index.php\/wp-json\/wp\/v2\/types\/post"}],"author":[{"embeddable":true,"href":"https:\/\/www.actualidadadiario.com\/index.php\/wp-json\/wp\/v2\/users\/3"}],"replies":[{"embeddable":true,"href":"https:\/\/www.actualidadadiario.com\/index.php\/wp-json\/wp\/v2\/comments?post=125521"}],"version-history":[{"count":1,"href":"https:\/\/www.actualidadadiario.com\/index.php\/wp-json\/wp\/v2\/posts\/125521\/revisions"}],"predecessor-version":[{"id":125522,"href":"https:\/\/www.actualidadadiario.com\/index.php\/wp-json\/wp\/v2\/posts\/125521\/revisions\/125522"}],"wp:featuredmedia":[{"embeddable":true,"href":"https:\/\/www.actualidadadiario.com\/index.php\/wp-json\/wp\/v2\/media\/114899"}],"wp:attachment":[{"href":"https:\/\/www.actualidadadiario.com\/index.php\/wp-json\/wp\/v2\/media?parent=125521"}],"wp:term":[{"taxonomy":"category","embeddable":true,"href":"https:\/\/www.actualidadadiario.com\/index.php\/wp-json\/wp\/v2\/categories?post=125521"},{"taxonomy":"post_tag","embeddable":true,"href":"https:\/\/www.actualidadadiario.com\/index.php\/wp-json\/wp\/v2\/tags?post=125521"}],"curies":[{"name":"wp","href":"https:\/\/api.w.org\/{rel}","templated":true}]}}