{"id":125481,"date":"2025-02-26T10:50:02","date_gmt":"2025-02-26T13:50:02","guid":{"rendered":"https:\/\/www.actualidadadiario.com\/?p=125481"},"modified":"2025-02-26T10:50:02","modified_gmt":"2025-02-26T13:50:02","slug":"alerta-amarillo-por-tormentas-en-entre-rios","status":"publish","type":"post","link":"https:\/\/www.actualidadadiario.com\/index.php\/2025\/02\/26\/alerta-amarillo-por-tormentas-en-entre-rios\/","title":{"rendered":"Alerta amarillo por tormentas en Entre R\u00edos"},"content":{"rendered":"<p style=\"text-align: center;\"><em><strong>El SMN renov\u00f3 la advertencia por tormentas fuertes para este mi\u00e9rcoles. Se prev\u00e9n hasta 70 mil\u00edmetros de forma localizada y fuertes vientos<\/strong><\/em><\/p>\n<p>&nbsp;<\/p>\n<p>&nbsp;<\/p>\n<p>El Servicio Meteorol\u00f3gico Nacional -SMN- renov\u00f3 este mi\u00e9rcoles 26 de febrero el alerta amarillo por tormentas en todo Entre R\u00edos. Incluso, extendi\u00f3 hasta la tarde esta advertencia, sobre todo en la zona centro y norte provincial.<\/p>\n<p>Las malas condiciones del tiempo contin\u00faan en la provincia. Los 17 departamentos esperan hoy tambi\u00e9n por tormentas. Si bien el alerta vence a la tarde, las inestabilidades continuar\u00e1n de forma aislada y temporaria hasta el fin de semana.<\/p>\n<p>En cuanto al alerta, el \u00e1rea ser\u00e1 afectada por tormentas aisladas, algunas localmente fuertes. Las mismas estar\u00e1n acompa\u00f1adas por abundante ca\u00edda de agua en cortos per\u00edodos, actividad el\u00e9ctrica, ocasional granizo y r\u00e1fagas que podr\u00edan alcanzar los 80 km\/h.<\/p>\n<p>Para todo Entre R\u00edos se prev\u00e9n valores de precipitaci\u00f3n acumulada entre 30 y 70 mil\u00edmetros, pudiendo ser superados en forma puntual.<\/p>\n","protected":false},"excerpt":{"rendered":"<p>El SMN renov\u00f3 la advertencia por tormentas fuertes para este mi\u00e9rcoles. Se prev\u00e9n hasta 70 mil\u00edmetros de forma localizada y fuertes vientos &nbsp; &nbsp; El Servicio Meteorol\u00f3gico Nacional -SMN- renov\u00f3 este mi\u00e9rcoles 26 de febrero el alerta amarillo por tormentas en todo Entre R\u00edos. Incluso, extendi\u00f3 hasta la tarde esta advertencia, sobre todo en la zona centro y norte provincial. Las malas condiciones del tiempo contin\u00faan en la provincia. Los 17 departamentos esperan hoy tambi\u00e9n por tormentas. Si bien el alerta vence a la tarde, las inestabilidades continuar\u00e1n de forma&#8230;<\/p>\n","protected":false},"author":3,"featured_media":124637,"comment_status":"closed","ping_status":"closed","sticky":false,"template":"","format":"standard","meta":[],"categories":[15],"tags":[],"_links":{"self":[{"href":"https:\/\/www.actualidadadiario.com\/index.php\/wp-json\/wp\/v2\/posts\/125481"}],"collection":[{"href":"https:\/\/www.actualidadadiario.com\/index.php\/wp-json\/wp\/v2\/posts"}],"about":[{"href":"https:\/\/www.actualidadadiario.com\/index.php\/wp-json\/wp\/v2\/types\/post"}],"author":[{"embeddable":true,"href":"https:\/\/www.actualidadadiario.com\/index.php\/wp-json\/wp\/v2\/users\/3"}],"replies":[{"embeddable":true,"href":"https:\/\/www.actualidadadiario.com\/index.php\/wp-json\/wp\/v2\/comments?post=125481"}],"version-history":[{"count":1,"href":"https:\/\/www.actualidadadiario.com\/index.php\/wp-json\/wp\/v2\/posts\/125481\/revisions"}],"predecessor-version":[{"id":125482,"href":"https:\/\/www.actualidadadiario.com\/index.php\/wp-json\/wp\/v2\/posts\/125481\/revisions\/125482"}],"wp:featuredmedia":[{"embeddable":true,"href":"https:\/\/www.actualidadadiario.com\/index.php\/wp-json\/wp\/v2\/media\/124637"}],"wp:attachment":[{"href":"https:\/\/www.actualidadadiario.com\/index.php\/wp-json\/wp\/v2\/media?parent=125481"}],"wp:term":[{"taxonomy":"category","embeddable":true,"href":"https:\/\/www.actualidadadiario.com\/index.php\/wp-json\/wp\/v2\/categories?post=125481"},{"taxonomy":"post_tag","embeddable":true,"href":"https:\/\/www.actualidadadiario.com\/index.php\/wp-json\/wp\/v2\/tags?post=125481"}],"curies":[{"name":"wp","href":"https:\/\/api.w.org\/{rel}","templated":true}]}}