{"id":125473,"date":"2025-02-26T10:47:35","date_gmt":"2025-02-26T13:47:35","guid":{"rendered":"https:\/\/www.actualidadadiario.com\/?p=125473"},"modified":"2025-02-26T10:47:35","modified_gmt":"2025-02-26T13:47:35","slug":"sarampion-recuerdan-la-importancia-de-tener-la-vacunacion-al-dia-ante-la-confirmacion-de-nuevos-casos-en-el-pais","status":"publish","type":"post","link":"https:\/\/www.actualidadadiario.com\/index.php\/2025\/02\/26\/sarampion-recuerdan-la-importancia-de-tener-la-vacunacion-al-dia-ante-la-confirmacion-de-nuevos-casos-en-el-pais\/","title":{"rendered":"Sarampi\u00f3n: recuerdan la importancia de tener la vacunaci\u00f3n al d\u00eda, ante la confirmaci\u00f3n de nuevos casos en el pa\u00eds"},"content":{"rendered":"<p style=\"text-align: center;\"><em><strong>En las \u00faltimas semanas, el Ministerio de Salud de la Naci\u00f3n confirm\u00f3 nuevos casos de sarampi\u00f3n en la Ciudad de Buenos Aires, registrando cuatro a la fecha. Ante este aumento, que se produce en momentos donde la mayor\u00eda de las jurisdicciones est\u00e1n dando inicio al ciclo lectivo, desde la cartera sanitaria entrerriana se insta a verificar y completar esquemas de vacunaci\u00f3n<\/strong><\/em><\/p>\n<p>&nbsp;<\/p>\n<p>&nbsp;<\/p>\n<p>Desde Naci\u00f3n se inform\u00f3 que dos de los pacientes con sarampi\u00f3n reportados en CABA son familiares, mientras que los otros dos (los \u00faltimos en ser confirmados) tienen domicilio en las cercan\u00edas, por lo que se evalu\u00f3 como antecedente epidemiol\u00f3gico el contacto probable con los casos anteriores. A su vez, se precis\u00f3 que a excepci\u00f3n de un caso que requiri\u00f3 internaci\u00f3n por neumon\u00eda, los tres restantes fueron de manejo ambulatorio y a la fecha todos presentan evoluci\u00f3n favorable.<\/p>\n<p>Por lo tanto, ante la confirmaci\u00f3n de nuevos casos, el Ministerio de Salud de Entre R\u00edos recomienda a la poblaci\u00f3n verificar en el carnet de vacunaci\u00f3n el registro de al menos dos dosis de la vacuna contra el sarampi\u00f3n (doble o triple viral) y consultar inmediatamente ante la presencia de fiebre y erupciones o manchas en la piel (exantema).<\/p>\n<p>Tambi\u00e9n se se\u00f1al\u00f3 que el regreso a las aulas supone el contacto estrecho entre ni\u00f1os, adolescentes y adultos, la convocatoria a reuniones y actos escolares con gran afluencia de personas y un incremento del desplazamiento de la poblaci\u00f3n. De esta forma, se crea un escenario que facilita la propagaci\u00f3n del virus en la comunidad.<\/p>\n<p>El director general de Epidemiolog\u00eda de la cartera sanitaria de Entre R\u00edos, Diego Garcilazo, explic\u00f3: &#8220;Esta situaci\u00f3n es importante porque el sarampi\u00f3n es una enfermedad extremadamente contagiosa, transmitida por el aire y capaz de permanecer en superficies&#8221;. Y a\u00f1adi\u00f3: &#8220;Los ni\u00f1os menores de cinco a\u00f1os y las personas inmunocomprometidas tienen mayor riesgo de desarrollar complicaciones severas. Sin embargo, hay que saber que es prevenible con vacunas seguras y eficaces, que est\u00e1n disponibles de forma gratuita en todos los vacunatorios&#8221;.<\/p>\n<p>Cabe destacar que la situaci\u00f3n tambi\u00e9n llam\u00f3 la atenci\u00f3n ya que se confirm\u00f3 la infecci\u00f3n en personas sin antecedentes recientes de viaje.<\/p>\n<p>&nbsp;<\/p>\n<p><strong>Recomendaciones para la poblaci\u00f3n<\/strong><\/p>\n<ul>\n<li>\u00bf Verificar el esquema de vacunaci\u00f3n: Los ni\u00f1os de 12 meses a cuatro a\u00f1os deben tener una dosis de vacuna triple viral; en tanto que los mayores de cinco a\u00f1os y adultos deben acreditar al menos dos dosis de doble o triple viral o una serolog\u00eda IgG positiva.<\/li>\n<li>Las personas nacidas antes de 1965 se consideran inmunes.<\/li>\n<li>\u00bfConsultar ante s\u00edntomas: Fiebre mayor a 38\u00b0C y exantema (erupci\u00f3n en la piel), con o sin conjuntivitis, tos o secreci\u00f3n nasal.<\/li>\n<li>\u00bfEvitar la automedicaci\u00f3n y acudir a un centro de salud ante sospecha.<\/li>\n<li>\u00bfTambi\u00e9n se recomienda el uso de barbijo y aislamiento de las personas con s\u00edntomas para prevenir la propagaci\u00f3n.<\/li>\n<\/ul>\n","protected":false},"excerpt":{"rendered":"<p>En las \u00faltimas semanas, el Ministerio de Salud de la Naci\u00f3n confirm\u00f3 nuevos casos de sarampi\u00f3n en la Ciudad de Buenos Aires, registrando cuatro a la fecha. Ante este aumento, que se produce en momentos donde la mayor\u00eda de las jurisdicciones est\u00e1n dando inicio al ciclo lectivo, desde la cartera sanitaria entrerriana se insta a verificar y completar esquemas de vacunaci\u00f3n &nbsp; &nbsp; Desde Naci\u00f3n se inform\u00f3 que dos de los pacientes con sarampi\u00f3n reportados en CABA son familiares, mientras que los otros dos (los \u00faltimos en ser confirmados) tienen&#8230;<\/p>\n","protected":false},"author":3,"featured_media":125474,"comment_status":"closed","ping_status":"closed","sticky":false,"template":"","format":"standard","meta":[],"categories":[15],"tags":[],"_links":{"self":[{"href":"https:\/\/www.actualidadadiario.com\/index.php\/wp-json\/wp\/v2\/posts\/125473"}],"collection":[{"href":"https:\/\/www.actualidadadiario.com\/index.php\/wp-json\/wp\/v2\/posts"}],"about":[{"href":"https:\/\/www.actualidadadiario.com\/index.php\/wp-json\/wp\/v2\/types\/post"}],"author":[{"embeddable":true,"href":"https:\/\/www.actualidadadiario.com\/index.php\/wp-json\/wp\/v2\/users\/3"}],"replies":[{"embeddable":true,"href":"https:\/\/www.actualidadadiario.com\/index.php\/wp-json\/wp\/v2\/comments?post=125473"}],"version-history":[{"count":1,"href":"https:\/\/www.actualidadadiario.com\/index.php\/wp-json\/wp\/v2\/posts\/125473\/revisions"}],"predecessor-version":[{"id":125475,"href":"https:\/\/www.actualidadadiario.com\/index.php\/wp-json\/wp\/v2\/posts\/125473\/revisions\/125475"}],"wp:featuredmedia":[{"embeddable":true,"href":"https:\/\/www.actualidadadiario.com\/index.php\/wp-json\/wp\/v2\/media\/125474"}],"wp:attachment":[{"href":"https:\/\/www.actualidadadiario.com\/index.php\/wp-json\/wp\/v2\/media?parent=125473"}],"wp:term":[{"taxonomy":"category","embeddable":true,"href":"https:\/\/www.actualidadadiario.com\/index.php\/wp-json\/wp\/v2\/categories?post=125473"},{"taxonomy":"post_tag","embeddable":true,"href":"https:\/\/www.actualidadadiario.com\/index.php\/wp-json\/wp\/v2\/tags?post=125473"}],"curies":[{"name":"wp","href":"https:\/\/api.w.org\/{rel}","templated":true}]}}