{"id":125464,"date":"2025-02-25T14:03:13","date_gmt":"2025-02-25T17:03:13","guid":{"rendered":"https:\/\/www.actualidadadiario.com\/?p=125464"},"modified":"2025-02-25T14:03:13","modified_gmt":"2025-02-25T17:03:13","slug":"por-que-el-mundo-esta-pendiente-de-la-salud-del-papa","status":"publish","type":"post","link":"https:\/\/www.actualidadadiario.com\/index.php\/2025\/02\/25\/por-que-el-mundo-esta-pendiente-de-la-salud-del-papa\/","title":{"rendered":"\u00bfPor qu\u00e9 el mundo est\u00e1 pendiente de la salud del Papa?"},"content":{"rendered":"<p style=\"text-align: center;\"><em><strong>Su enfrentamiento a la pol\u00edtica antiderechos de la administraci\u00f3n Trump y la ultraderecha mundial, su papel activo en los intentos de acabar con la guerra en Ucrania o la invasi\u00f3n israel\u00ed a Gaza y las reformas en la estructura de la Iglesia han convertido a Francisco en una figura relevante en el panorama mundial<\/strong><\/em><\/p>\n<p>&nbsp;<\/p>\n<p>&nbsp;<\/p>\n<p>Desde el pasado 14 de febrero, el inter\u00e9s medi\u00e1tico, pol\u00edtico y religioso ha virado hacia el Policl\u00ednico Agostino Gemelli, donde se encuentra ingresado el papa Francisco, en una situaci\u00f3n que los m\u00e9dicos que lo atienden califican de \u201ccr\u00edtica\u201d y de \u201cpron\u00f3stico reservado\u201d tras la mala gesti\u00f3n de una bronquitis cr\u00f3nica que deriv\u00f3 en neumon\u00eda bilateral y que este fin de semana precis\u00f3 de transfusiones de sangre y aplicaci\u00f3n de ox\u00edgeno. \u201cEl Papa no est\u00e1 fuera de peligro, pero no est\u00e1 en riesgo de muerte\u201d, aseguraban este viernes, en la \u00fanica rueda de prensa que han dado hasta la fecha los m\u00e9dicos que lo tratan. El fin de semana se desataron las alarmas, sum\u00e1ndose un \u201cinicio de insuficiencia renal leve\u201d que, aunque controlado, podr\u00eda hacer pensar en que iba a producirse un fallo org\u00e1nico m\u00faltiple. No ha sido as\u00ed, y al menos las \u00faltimas noticias nos cuentan que, al fin, el pont\u00edfice comienza a responder al tratamiento.<\/p>\n<p>Durante estos 11 d\u00edas, los medios han seguido con devoci\u00f3n la liturgia implantada por la Sala Stampa del Vaticano: un breve comunicado por la ma\u00f1ana, se\u00f1alando c\u00f3mo hab\u00eda pasado la noche el Papa, y uno m\u00e1s t\u00e9cnico por la tarde, resaltando la evoluci\u00f3n m\u00e9dica de Francisco. Entre medias, pocos off the record aclaratorios, porque la informaci\u00f3n, en este caso, se da a cuentagotas.<\/p>\n<p>\u00bfPor qu\u00e9 todo el mundo est\u00e1 pendiente de la salud del Papa Francisco? \u201cPorque es un l\u00edder global, que buena falta hace en este mundo que parece que se rompe por dentro\u201d, se\u00f1ala, desde Roma, el padre \u00c1ngel, presidente de Mensajeros de la Paz. El religioso acudi\u00f3 esta ma\u00f1ana al hospital Gemelli para rezar por la salud del pont\u00edfice, y se mostr\u00f3 convencido de que \u201cel Papa saldr\u00e1 de esta\u201d. \u201cTiene muchas cosas que hacer\u201d, ha remachado citando una frase que el propio entorno papal desvel\u00f3 hace unos d\u00edas a elDiario.es, y que da cuenta de que Bergoglio siente que su misi\u00f3n, como l\u00edder religioso, pero tambi\u00e9n como icono global, tiene todav\u00eda algunos relatos por escribir.<\/p>\n<p>&nbsp;<\/p>\n<p><strong>La pol\u00edtica internacional<\/strong><\/p>\n<p>Uno de los \u00faltimos documentos firmados por Francisco antes de ingresar en el hospital fue una dura e in\u00e9dita carta a los obispos de Estados Unidos en la que criticaba con fiereza las pol\u00edticas de deportaci\u00f3n masiva de migrantes lanzada por la administraci\u00f3n Trump. Un Trump que, pese a lo prol\u00edfico de sus manifestaciones en las redes, no ha tenido un solo momento para ocuparse de la enfermedad del pont\u00edfice. Algo que, por otra parte, tampoco han hecho otros de los destacados l\u00edderes de la convenci\u00f3n ultra, desde el presidente Javier Milei (cuyo silencio extra\u00f1a, incluso, a sus correligionarios, teniendo en cuenta que Francisco es argentino) al &#8216;cat\u00f3lico&#8217; Santiago Abascal, reunidos para &#8216;coronar&#8217; al nuevo Papa de la ultraderecha.<\/p>\n<p>Fuentes vaticanas consultadas por elDiario.es apuntan a que, \u201cprecisamente este A\u00f1o Jubilar\u201d, Francisco ten\u00eda marcado en rojo varios acentos para dejar huella en su ya largo pontificado (cumplir\u00e1 12 a\u00f1os como Papa el 13 de marzo). Entre los principales, marcar distancia clara con el clan MAGA, y alzar la voz contra lo que cercanos a la Curia vaticana consideran \u201cerr\u00e1ticas pol\u00edticas\u201d en lo que tiene que ver con la migraci\u00f3n, los aranceles y, especialmente, las soluciones aportadas para acabar con el genocidio de Israel en Gaza y la invasi\u00f3n rusa de la \u201cmartirizada Ucrania\u201d. A\u00fan desde el hospital, este domingo, Francisco calific\u00f3 la guerra de Putin como \u201cun acontecimiento doloroso y vergonzoso para toda la humanidad\u201d.<\/p>\n<p>El &#8216;plan del Papa&#8217; tambi\u00e9n inclu\u00eda, entre otras medidas, profundizar en la soluci\u00f3n de dos Estados para Israel y Palestina. De hecho, incluso en las peores horas de su ingreso, Francisco no falt\u00f3 a su cita con la comunidad cristiana de Gaza, a la que esta noche volvi\u00f3 a llamar. Algunas fuentes se\u00f1alaban que Bergoglio estar\u00eda preparando un documento dirigido a la comunidad internacional para llamar a una verdadera reforma de los organismos transnacionales, y que tambi\u00e9n buscaba profundizar en los riesgos de la Inteligencia Artificial y el uso de los medios de control de la informaci\u00f3n para socavar la democracia mundial, algo que ya avanz\u00f3 en los \u00faltimos documentos. A esto se suma la petici\u00f3n de condonaci\u00f3n de la deuda externa y la creaci\u00f3n de un fondo derivado de la inversi\u00f3n en armas para acabar con el hambre en el mundo, que hizo p\u00fablica en su carta de convocatoria del Jubileo de 2025.<\/p>\n<p>&nbsp;<\/p>\n<p><strong>La relaci\u00f3n con otras religiones<\/strong><\/p>\n<p>En el \u00e1mbito interreligioso, uno de los objetivos del Papa es avanzar en el camino ecum\u00e9nico, en un a\u00f1o en el que, por primera vez en siglos, las iglesias cat\u00f3lica y ortodoxa celebrar\u00e1n en las mismas fechas la Semana Santa. Al mismo tiempo, tal y como avanz\u00f3 el S\u00ednodo de la sinodalidad, se espera un compromiso de Francisco en torno al &#8216;primado de Pedro&#8217; (la primac\u00eda del Papa de Roma respecto a otros l\u00edderes de las Iglesias cristianas), en la l\u00ednea de su apuesta por una Iglesia menos piramidal y m\u00e1s abierta.<\/p>\n<p>En ese mismo nivel, y tambi\u00e9n a ra\u00edz del S\u00ednodo, Francisco podr\u00eda, al fin, cambiar la doctrina de la Iglesia en lo relacionado con el acceso al ministerio de las mujeres. En enero, en una decisi\u00f3n hist\u00f3rica, el Papa nombraba a sor Simona Brambilla como la primera mujer prefecta (ministra) de un dicasterio vaticano, y ya desde el hospital confirmaba la designaci\u00f3n de Raffaella Petrini como la primera mujer en presidir el Govenatorato. A partir del 1 de marzo se convertir\u00e1 en &#8216;alcaldesa&#8217; del Estado vaticano. Algunos apuntan incluso a que Bergoglio ir\u00e1 m\u00e1s all\u00e1, nombrando a una mujer (posiblemente a Petrini) como &#8216;cardenala&#8217;, algo que no impide el Derecho Can\u00f3nico pero que ser\u00eda una aut\u00e9ntica revoluci\u00f3n y podr\u00eda suponer que sus numerosos enemigos dentro de la Iglesia volvieran a declamar la ilegitimidad de Francisco. Ahora, incluso, no ser\u00eda de extra\u00f1ar que dudaran de su capacidad cognitiva.<\/p>\n<p>En la l\u00ednea del compromiso por construir una Iglesia para \u201ctodos, todos, todos\u201d, Francisco pretende avanzar en los derechos de los colectivos hist\u00f3ricamente olvidados por la instituci\u00f3n, desde divorciados vueltos a casar, parejas de hecho o el colectivo LGTBIQ+, as\u00ed como las llamadas &#8216;periferias&#8217; (los pobres), que ven en el Papa argentino un motivo de esperanza en un mundo que apuesta cada vez m\u00e1s por el descarte. Estos grupos, adem\u00e1s de la mayor\u00eda de los cristianos de base, rezaban estos d\u00edas en todo el mundo por la salud del Papa, conscientes de que, en estos momentos, la muerte de Francisco har\u00eda peligrar estos y otros avances en una instituci\u00f3n con presencia capilar en todo el mundo.<\/p>\n<p>Un c\u00f3nclave en estos momentos supondr\u00eda, a buen seguro, la elecci\u00f3n de un pont\u00edfice menos &#8216;agresivo&#8217; contra el poder emergente de Trump, algo que distintos analistas consultados por elDiario.es comparan con la situaci\u00f3n vivida en los a\u00f1os 30, coincidiendo con el ascenso de los fascismos que condenaron a Europa a una II Guerra Mundial. Muchos en el Vaticano recuerdan c\u00f3mo, en aquellos tiempos, la Santa Sede no supo reaccionar con firmeza ante la amenaza de Hitler, y acab\u00f3 eligiendo como Papa a P\u00edo XII pocos meses antes de comenzar la contienda mundial. Muchos, entre los muros del Vaticano, rezan para que, casi un siglo despu\u00e9s, la historia no acabe repiti\u00e9ndose.<\/p>\n","protected":false},"excerpt":{"rendered":"<p>Su enfrentamiento a la pol\u00edtica antiderechos de la administraci\u00f3n Trump y la ultraderecha mundial, su papel activo en los intentos de acabar con la guerra en Ucrania o la invasi\u00f3n israel\u00ed a Gaza y las reformas en la estructura de la Iglesia han convertido a Francisco en una figura relevante en el panorama mundial &nbsp; &nbsp; Desde el pasado 14 de febrero, el inter\u00e9s medi\u00e1tico, pol\u00edtico y religioso ha virado hacia el Policl\u00ednico Agostino Gemelli, donde se encuentra ingresado el papa Francisco, en una situaci\u00f3n que los m\u00e9dicos que lo&#8230;<\/p>\n","protected":false},"author":3,"featured_media":125465,"comment_status":"closed","ping_status":"closed","sticky":false,"template":"","format":"standard","meta":[],"categories":[4],"tags":[],"_links":{"self":[{"href":"https:\/\/www.actualidadadiario.com\/index.php\/wp-json\/wp\/v2\/posts\/125464"}],"collection":[{"href":"https:\/\/www.actualidadadiario.com\/index.php\/wp-json\/wp\/v2\/posts"}],"about":[{"href":"https:\/\/www.actualidadadiario.com\/index.php\/wp-json\/wp\/v2\/types\/post"}],"author":[{"embeddable":true,"href":"https:\/\/www.actualidadadiario.com\/index.php\/wp-json\/wp\/v2\/users\/3"}],"replies":[{"embeddable":true,"href":"https:\/\/www.actualidadadiario.com\/index.php\/wp-json\/wp\/v2\/comments?post=125464"}],"version-history":[{"count":1,"href":"https:\/\/www.actualidadadiario.com\/index.php\/wp-json\/wp\/v2\/posts\/125464\/revisions"}],"predecessor-version":[{"id":125466,"href":"https:\/\/www.actualidadadiario.com\/index.php\/wp-json\/wp\/v2\/posts\/125464\/revisions\/125466"}],"wp:featuredmedia":[{"embeddable":true,"href":"https:\/\/www.actualidadadiario.com\/index.php\/wp-json\/wp\/v2\/media\/125465"}],"wp:attachment":[{"href":"https:\/\/www.actualidadadiario.com\/index.php\/wp-json\/wp\/v2\/media?parent=125464"}],"wp:term":[{"taxonomy":"category","embeddable":true,"href":"https:\/\/www.actualidadadiario.com\/index.php\/wp-json\/wp\/v2\/categories?post=125464"},{"taxonomy":"post_tag","embeddable":true,"href":"https:\/\/www.actualidadadiario.com\/index.php\/wp-json\/wp\/v2\/tags?post=125464"}],"curies":[{"name":"wp","href":"https:\/\/api.w.org\/{rel}","templated":true}]}}