{"id":125461,"date":"2025-02-25T14:01:55","date_gmt":"2025-02-25T17:01:55","guid":{"rendered":"https:\/\/www.actualidadadiario.com\/?p=125461"},"modified":"2025-02-25T14:01:55","modified_gmt":"2025-02-25T17:01:55","slug":"el-papa-francisco-sigue-con-su-actividad-oficial-desde-el-hospital","status":"publish","type":"post","link":"https:\/\/www.actualidadadiario.com\/index.php\/2025\/02\/25\/el-papa-francisco-sigue-con-su-actividad-oficial-desde-el-hospital\/","title":{"rendered":"El papa Francisco sigue con su actividad oficial desde el hospital"},"content":{"rendered":"<p style=\"text-align: center;\"><em><strong>El pont\u00edfice recibi\u00f3 en el Hospital Gemelli al cardenal Pietro Parolin, secretario de Estado de la Santa Sede y su n\u00famero dos en la cadena de mando, y al sustituto para los Asuntos Generales, el monse\u00f1or venezolano Edgar Pe\u00f1a Parra<\/strong><\/em><\/p>\n<p>&nbsp;<\/p>\n<p>&nbsp;<\/p>\n<p>Mientras miles de fieles se congregan al rededor del mundo para rezar por su salud, el papa Francisco present\u00f3 una leve mejor\u00eda en medio de su cuadro de neumon\u00eda bilateral, lo que le permiti\u00f3 mantener una reuni\u00f3n clave con el secretario de Estado del Vaticano, Pietro Parolin, y al sustituto para los Asuntos Generales de la Santa Sede, el monse\u00f1or venezolano Edgar Pe\u00f1a Parra.<\/p>\n<p>El encuentro se dio ayer en el Hospital Policl\u00ednico Gemelli, donde el Papa contin\u00faa internado con pron\u00f3stico reservado. El motivo de la reuni\u00f3n fue puramente burocr\u00e1tico. Seg\u00fan inform\u00f3 el Vaticano este martes al mediod\u00eda, el Papa promulg\u00f3 algunos decretos del Dicasterio para la beatificaci\u00f3n de cinco personas y convoc\u00f3 a un consistorio para pr\u00f3ximas canonizaciones de otras dos, aunque sin fecha confirmada.<\/p>\n<p>En ese sentido, el Sumo Pont\u00edfice aprob\u00f3 los votos favorables de la Sesi\u00f3n Ordinaria de los Padres Cardenales y Obispos miembros del Dicasterio para la canonizaci\u00f3n del Beato Jos\u00e9 Gregorio Hern\u00e1ndez Cisneros, fiel laico, nacido en Isnot\u00fa, Venezuela el 26 de octubre de 1864 y fallecido en Caracas el 29 de junio de 1919. Igual medida tom\u00f3 para con el Beato Bartolo Longo, fiel laico, nacido en Latiano, Italia, el 10 de febrero de 1841 y fallecido en Pompeya el 5 de octubre de 1926.<\/p>\n<p>&nbsp;<\/p>\n<p><strong>La salud\u00a0 de Francisco<\/strong><\/p>\n<p>En cuanto a su estado de salud, en la ma\u00f1ana de este 25 de febrero la Oficina de Prensa de la Santa Sede comunic\u00f3 que: \u201cEl Papa ha descansado bien, toda la noche\u201d. Informaron que contin\u00faa con su tratamiento y no sufri\u00f3 otra crisis respiratoria.<\/p>\n<p>El lunes por la tarde hab\u00edan informado que &#8220;las condiciones cl\u00ednicas del Santo Padre en su estado cr\u00edtico muestran una ligera mejor\u00eda\u201d y resaltaban que tampoco se hab\u00edan producido episodios de crisis asm\u00e1tica respiratoria, como hab\u00eda sucedido el fin de semana. En tanto, \u201calgunas pruebas de laboratorio han mejorado\u201d. \u201cEl seguimiento de la insuficiencia renal leve no es motivo de preocupaci\u00f3n. La oxigenoterapia contin\u00faa, aunque con un flujo y un porcentaje de ox\u00edgeno ligeramente reducidos. Los m\u00e9dicos, en vista de la complejidad del cuadro cl\u00ednico, son prudentes y a\u00fan no dan a conocer el pron\u00f3stico\u201d, detallaron desde el sitio de noticias del Vaticano.<\/p>\n","protected":false},"excerpt":{"rendered":"<p>El pont\u00edfice recibi\u00f3 en el Hospital Gemelli al cardenal Pietro Parolin, secretario de Estado de la Santa Sede y su n\u00famero dos en la cadena de mando, y al sustituto para los Asuntos Generales, el monse\u00f1or venezolano Edgar Pe\u00f1a Parra &nbsp; &nbsp; Mientras miles de fieles se congregan al rededor del mundo para rezar por su salud, el papa Francisco present\u00f3 una leve mejor\u00eda en medio de su cuadro de neumon\u00eda bilateral, lo que le permiti\u00f3 mantener una reuni\u00f3n clave con el secretario de Estado del Vaticano, Pietro Parolin, y&#8230;<\/p>\n","protected":false},"author":3,"featured_media":125462,"comment_status":"closed","ping_status":"closed","sticky":false,"template":"","format":"standard","meta":[],"categories":[4],"tags":[],"_links":{"self":[{"href":"https:\/\/www.actualidadadiario.com\/index.php\/wp-json\/wp\/v2\/posts\/125461"}],"collection":[{"href":"https:\/\/www.actualidadadiario.com\/index.php\/wp-json\/wp\/v2\/posts"}],"about":[{"href":"https:\/\/www.actualidadadiario.com\/index.php\/wp-json\/wp\/v2\/types\/post"}],"author":[{"embeddable":true,"href":"https:\/\/www.actualidadadiario.com\/index.php\/wp-json\/wp\/v2\/users\/3"}],"replies":[{"embeddable":true,"href":"https:\/\/www.actualidadadiario.com\/index.php\/wp-json\/wp\/v2\/comments?post=125461"}],"version-history":[{"count":1,"href":"https:\/\/www.actualidadadiario.com\/index.php\/wp-json\/wp\/v2\/posts\/125461\/revisions"}],"predecessor-version":[{"id":125463,"href":"https:\/\/www.actualidadadiario.com\/index.php\/wp-json\/wp\/v2\/posts\/125461\/revisions\/125463"}],"wp:featuredmedia":[{"embeddable":true,"href":"https:\/\/www.actualidadadiario.com\/index.php\/wp-json\/wp\/v2\/media\/125462"}],"wp:attachment":[{"href":"https:\/\/www.actualidadadiario.com\/index.php\/wp-json\/wp\/v2\/media?parent=125461"}],"wp:term":[{"taxonomy":"category","embeddable":true,"href":"https:\/\/www.actualidadadiario.com\/index.php\/wp-json\/wp\/v2\/categories?post=125461"},{"taxonomy":"post_tag","embeddable":true,"href":"https:\/\/www.actualidadadiario.com\/index.php\/wp-json\/wp\/v2\/tags?post=125461"}],"curies":[{"name":"wp","href":"https:\/\/api.w.org\/{rel}","templated":true}]}}