{"id":125451,"date":"2025-02-25T13:23:35","date_gmt":"2025-02-25T16:23:35","guid":{"rendered":"https:\/\/www.actualidadadiario.com\/?p=125451"},"modified":"2025-02-25T13:23:35","modified_gmt":"2025-02-25T16:23:35","slug":"corte-suprema-el-gobierno-define-si-nombra-a-ariel-lijo-y-manuel-garcia-mansilla-por-decreto","status":"publish","type":"post","link":"https:\/\/www.actualidadadiario.com\/index.php\/2025\/02\/25\/corte-suprema-el-gobierno-define-si-nombra-a-ariel-lijo-y-manuel-garcia-mansilla-por-decreto\/","title":{"rendered":"Corte Suprema: el Gobierno define si nombra a Ariel Lijo y Manuel Garc\u00eda-Mansilla por decreto"},"content":{"rendered":"<p style=\"text-align: center;\"><em><strong>Tiene plazo hasta el viernes por la noche cuando termina el receso en el Congreso<\/strong><\/em><\/p>\n<p>&nbsp;<\/p>\n<p>&nbsp;<\/p>\n<p>Tras varias idas y vueltas, el presidente Javier Milei habr\u00eda definido nombrar a los jueces Ariel Lijo y Manuel Garc\u00eda-Mansilla por decreto para ampliar la composici\u00f3n del a Corte Suprema que hoy, luego de la salida del magistrado Juan Carlos Maqueda, qued\u00f3 conformado por tres integrantes.<\/p>\n<p>Una importante fuente de Gobierno asegur\u00f3 ante la agencia Noticias Argentinas que el Poder Ejecutivo tiene lista la letra para designar a los jueces y eval\u00faa publicarlos en el Bolet\u00edn Oficial el pr\u00f3ximo mi\u00e9rcoles 26 de febrero.<\/p>\n<p>Luego de que fracasara el intento oficialista por tratar el pliego de Lijo en la C\u00e1mara de Senadores en el marco de las sesiones extraordinarias, y con l\u00edmite hasta el 1\u00b0 de marzo, el mandatario se inclina en avanzar con los nombramientos pese a no haber conseguido los dos tercios necesarios que respalden sus propuestas para engrosar el M\u00e1ximo Tribunal.<\/p>\n<p>De ocurrir, Lijo deber\u00e1 solicitar una licencia en su juzgado federal luego de que la designaci\u00f3n por decreto sea admitida en el Senado, aunque hay sectores que le exigen que debe renunciar al cargo.<\/p>\n<p>Lo cierto es que el escenario planteado es complejo. No solo porque las designaciones en comisi\u00f3n tienen su riesgo ya que expiran al fin de la pr\u00f3xima Legislatura, sino que adem\u00e1s todav\u00eda resta la garant\u00eda de que los tres miembros de la Corte Suprema, los jueces Horacio Rosatti, Carlos Rosenkrantz, y Ricardo Lorenzetti, les tomar\u00e1n juramento.<\/p>\n<p>En Casa Rosada esperan tener el 1\u00b0 de marzo a Lijo y a Mansilla sentados en el Congreso, escuchando al presidente en la Apertura de Sesiones Ordinarias, y para eso trabajan. \u201cLa opci\u00f3n m\u00e1s viable hoy es hacerlo por decreto\u201d, confesaron ante esta agencia.<\/p>\n<p>Si bien la novela atraves\u00f3 varios cap\u00edtulos, incluso. A diferencia de Mansilla, el pliego de Lijo sum\u00f3 las adhesiones necesarias para ser tratado, pero no conquist\u00f3 los dos tercios necesarios en la C\u00e1mara Alta para ser aprobado como el Gobierno y el magistrado quer\u00edan.<\/p>\n<p>Por eso, luego de definir la posibilidad de avanzar con Mansilla por decreto y de analizar la chance de reemplazar al juez de Comodoro Py, en Balcarce 50 buscan darle fin al historia inspirados en la iniciativa que populariz\u00f3 el expresidente Mauricio Macri, pero que debi\u00f3 dar marcha atr\u00e1s.<\/p>\n<p>Amparados en el art\u00edculo 99 de la Constituci\u00f3n Nacional que habilita los nombramientos por decreto, y a sabiendas de que no es \u201cel escenario ideal\u201d, redoblan la apuesta y garantizan que una Corte Suprema de tres \u201cno es opci\u00f3n\u201d.<\/p>\n<p>El antecedente del accionar m\u00e1s reciente es el de Carlos Rosenkrantz y Horacio Rosatti, que en diciembre de 2015, fueron designados por decreto por Macri, pero que finalmente asumieron con el acuerdo del Senado.<\/p>\n<p>Al igual que Lijo, el propio Garc\u00eda Mansilla tambi\u00e9n puso reparos tras aclarar en el marco de la Comisi\u00f3n de Acuerdos del Senado que ante el impacto que tuvo el decreto de 2015 en la opini\u00f3n p\u00fablica, \u00e9l \u201cno hubiera aceptado una nominaci\u00f3n en comisi\u00f3n porque m\u00e1s all\u00e1 de que la Constituci\u00f3n lo prev\u00e9 hay un gran sector de la poblaci\u00f3n que con buenas razones resiste ese tipo de decisiones\u201d.<\/p>\n<p>Sin embargo, las opiniones de los actores parecen no importarle al mandatario, tampoco las alertas de la oposici\u00f3n que promete voltear los nombramientos, y por estas horas, prevalece la idea de concretar su voluntad a como d\u00e9 lugar.<\/p>\n","protected":false},"excerpt":{"rendered":"<p>Tiene plazo hasta el viernes por la noche cuando termina el receso en el Congreso &nbsp; &nbsp; Tras varias idas y vueltas, el presidente Javier Milei habr\u00eda definido nombrar a los jueces Ariel Lijo y Manuel Garc\u00eda-Mansilla por decreto para ampliar la composici\u00f3n del a Corte Suprema que hoy, luego de la salida del magistrado Juan Carlos Maqueda, qued\u00f3 conformado por tres integrantes. Una importante fuente de Gobierno asegur\u00f3 ante la agencia Noticias Argentinas que el Poder Ejecutivo tiene lista la letra para designar a los jueces y eval\u00faa publicarlos&#8230;<\/p>\n","protected":false},"author":3,"featured_media":123095,"comment_status":"closed","ping_status":"closed","sticky":false,"template":"","format":"standard","meta":[],"categories":[18],"tags":[],"_links":{"self":[{"href":"https:\/\/www.actualidadadiario.com\/index.php\/wp-json\/wp\/v2\/posts\/125451"}],"collection":[{"href":"https:\/\/www.actualidadadiario.com\/index.php\/wp-json\/wp\/v2\/posts"}],"about":[{"href":"https:\/\/www.actualidadadiario.com\/index.php\/wp-json\/wp\/v2\/types\/post"}],"author":[{"embeddable":true,"href":"https:\/\/www.actualidadadiario.com\/index.php\/wp-json\/wp\/v2\/users\/3"}],"replies":[{"embeddable":true,"href":"https:\/\/www.actualidadadiario.com\/index.php\/wp-json\/wp\/v2\/comments?post=125451"}],"version-history":[{"count":1,"href":"https:\/\/www.actualidadadiario.com\/index.php\/wp-json\/wp\/v2\/posts\/125451\/revisions"}],"predecessor-version":[{"id":125452,"href":"https:\/\/www.actualidadadiario.com\/index.php\/wp-json\/wp\/v2\/posts\/125451\/revisions\/125452"}],"wp:featuredmedia":[{"embeddable":true,"href":"https:\/\/www.actualidadadiario.com\/index.php\/wp-json\/wp\/v2\/media\/123095"}],"wp:attachment":[{"href":"https:\/\/www.actualidadadiario.com\/index.php\/wp-json\/wp\/v2\/media?parent=125451"}],"wp:term":[{"taxonomy":"category","embeddable":true,"href":"https:\/\/www.actualidadadiario.com\/index.php\/wp-json\/wp\/v2\/categories?post=125451"},{"taxonomy":"post_tag","embeddable":true,"href":"https:\/\/www.actualidadadiario.com\/index.php\/wp-json\/wp\/v2\/tags?post=125451"}],"curies":[{"name":"wp","href":"https:\/\/api.w.org\/{rel}","templated":true}]}}