{"id":125448,"date":"2025-02-25T13:22:56","date_gmt":"2025-02-25T16:22:56","guid":{"rendered":"https:\/\/www.actualidadadiario.com\/?p=125448"},"modified":"2025-02-25T13:22:56","modified_gmt":"2025-02-25T16:22:56","slug":"el-gobierno-explico-por-que-argentina-no-voto-a-favor-de-ucrania-en-la-onu-no-cambio-la-opinion","status":"publish","type":"post","link":"https:\/\/www.actualidadadiario.com\/index.php\/2025\/02\/25\/el-gobierno-explico-por-que-argentina-no-voto-a-favor-de-ucrania-en-la-onu-no-cambio-la-opinion\/","title":{"rendered":"El Gobierno explic\u00f3 por qu\u00e9 Argentina no vot\u00f3 a favor de Ucrania en la ONU: &#8220;No cambi\u00f3 la opini\u00f3n&#8221;"},"content":{"rendered":"<p style=\"text-align: center;\"><em><strong>El canciller argentino, Gerardo Werthein, defendi\u00f3 la postura del gobierno nacional que se abstuvo en la votaci\u00f3n para que Rusia retire las tropas de Ucrania. \u201cAbogamos por una resoluci\u00f3n pac\u00edfica y diplom\u00e1tica\u201d, aclar\u00f3<\/strong><\/em><\/p>\n<p>&nbsp;<\/p>\n<p>&nbsp;<\/p>\n<p>Tras el voto de la Argentina en la ONU en contra del pedido de Ucrania para que Rusia quite sus tropas, el canciller argentino, Gerardo Werthein, defendi\u00f3 la postura del Gobierno nacional y dijo que no hubo un cambio de opini\u00f3n.<\/p>\n<p>\u201cEn el G20 de Sud\u00e1frica, antes de que esta resoluci\u00f3n est\u00e9 sobre la mesa, la Argentina manifest\u00f3 que nosotros abogamos por una resoluci\u00f3n pac\u00edfica y diplom\u00e1tica para terminar con la guerra en Ucrania&#8221;; expres\u00f3 el ministro en declaraciones televisivas. &#8220;Cuando Estados Unidos present\u00f3 esto, [Javier] Milei dijo que esta es una posibilidad \u00fanica para apoyar un proceso de paz. Ac\u00e1 murieron ciento de miles de personas y el Presidente privilegi\u00f3 que hay una lucecita para tener paz\u201c, agreg\u00f3.<\/p>\n<p>Werthein, quien acaba de llegar de la gira que encabez\u00f3 Milei en Estados Unidos donde estuvo reunido con Donald Trump, aclar\u00f3 que \u201cno se cambi\u00f3 de opini\u00f3n&#8221; sino que \u201cla resoluci\u00f3n de Estados Unidos dice que se insta a terminar con esta guerra en la que muri\u00f3 mucha gente\u201d.\u00a0 &#8220;La Argentina va a estar siempre del lado en el que pueda ser part\u00edcipe de un proceso de paz. Cuando hay tantas muertes y una oportunidad de pararlo, hay que hacerlo. El resto despu\u00e9s se discute\u201d, se\u00f1al\u00f3.<\/p>\n<p>El texto aprobado en las Naciones Unidas tuvo 93 votos a favor, 18 en contra (entre ellos el de Estados Unidos y Rusia) y 65 abstenciones. Esta decisi\u00f3n argentina de abstenerse se acerca a la postura estadounidense, que desde la asunci\u00f3n de Trump se encuentra enemistado con el gobierno ucraniano.<\/p>\n<p>El funcionario aclar\u00f3 que \u201ces muy importante que Ucrania recupere sus instituciones, con elecciones, pero primero se necesita paz\u201d. &#8220;En esto, la Argentina comparte la idea de Estados Unidos\u201d, subray\u00f3.<\/p>\n<p>El presidente republicano hab\u00eda calificado al mandatario ucraniano Volodimir Zelenski como un \u201cdictador\u201d. El jefe de estado ucraniano fue uno de los pocos mandatarios que asistieron a la asunci\u00f3n de Milei en diciembre de 2023 y tuvieron una reuni\u00f3n hace un mes en el Foro de Davos. El gobierno argentino dijo que ahora desconoce si el presidente argentino se comunic\u00f3 con su par ucraniano en los \u00faltimos d\u00edas.<\/p>\n<p>En la \u00faltima votaci\u00f3n ante la ONU, el Gobierno manifest\u00f3 el cambio de postura geopol\u00edtica a trav\u00e9s de su abstenci\u00f3n en una resoluci\u00f3n que le exig\u00eda a Rusia retirar todas sus tropas del territorio ucraniano.<\/p>\n","protected":false},"excerpt":{"rendered":"<p>El canciller argentino, Gerardo Werthein, defendi\u00f3 la postura del gobierno nacional que se abstuvo en la votaci\u00f3n para que Rusia retire las tropas de Ucrania. \u201cAbogamos por una resoluci\u00f3n pac\u00edfica y diplom\u00e1tica\u201d, aclar\u00f3 &nbsp; &nbsp; Tras el voto de la Argentina en la ONU en contra del pedido de Ucrania para que Rusia quite sus tropas, el canciller argentino, Gerardo Werthein, defendi\u00f3 la postura del Gobierno nacional y dijo que no hubo un cambio de opini\u00f3n. \u201cEn el G20 de Sud\u00e1frica, antes de que esta resoluci\u00f3n est\u00e9 sobre la mesa,&#8230;<\/p>\n","protected":false},"author":3,"featured_media":125449,"comment_status":"closed","ping_status":"closed","sticky":false,"template":"","format":"standard","meta":[],"categories":[18],"tags":[],"_links":{"self":[{"href":"https:\/\/www.actualidadadiario.com\/index.php\/wp-json\/wp\/v2\/posts\/125448"}],"collection":[{"href":"https:\/\/www.actualidadadiario.com\/index.php\/wp-json\/wp\/v2\/posts"}],"about":[{"href":"https:\/\/www.actualidadadiario.com\/index.php\/wp-json\/wp\/v2\/types\/post"}],"author":[{"embeddable":true,"href":"https:\/\/www.actualidadadiario.com\/index.php\/wp-json\/wp\/v2\/users\/3"}],"replies":[{"embeddable":true,"href":"https:\/\/www.actualidadadiario.com\/index.php\/wp-json\/wp\/v2\/comments?post=125448"}],"version-history":[{"count":1,"href":"https:\/\/www.actualidadadiario.com\/index.php\/wp-json\/wp\/v2\/posts\/125448\/revisions"}],"predecessor-version":[{"id":125450,"href":"https:\/\/www.actualidadadiario.com\/index.php\/wp-json\/wp\/v2\/posts\/125448\/revisions\/125450"}],"wp:featuredmedia":[{"embeddable":true,"href":"https:\/\/www.actualidadadiario.com\/index.php\/wp-json\/wp\/v2\/media\/125449"}],"wp:attachment":[{"href":"https:\/\/www.actualidadadiario.com\/index.php\/wp-json\/wp\/v2\/media?parent=125448"}],"wp:term":[{"taxonomy":"category","embeddable":true,"href":"https:\/\/www.actualidadadiario.com\/index.php\/wp-json\/wp\/v2\/categories?post=125448"},{"taxonomy":"post_tag","embeddable":true,"href":"https:\/\/www.actualidadadiario.com\/index.php\/wp-json\/wp\/v2\/tags?post=125448"}],"curies":[{"name":"wp","href":"https:\/\/api.w.org\/{rel}","templated":true}]}}