{"id":125446,"date":"2025-02-25T13:21:35","date_gmt":"2025-02-25T16:21:35","guid":{"rendered":"https:\/\/www.actualidadadiario.com\/?p=125446"},"modified":"2025-02-25T13:21:35","modified_gmt":"2025-02-25T16:21:35","slug":"el-gobierno-elimino-la-secretaria-de-prensa-y-sumo-el-area-de-inteligencia-a-la-presidencia","status":"publish","type":"post","link":"https:\/\/www.actualidadadiario.com\/index.php\/2025\/02\/25\/el-gobierno-elimino-la-secretaria-de-prensa-y-sumo-el-area-de-inteligencia-a-la-presidencia\/","title":{"rendered":"El Gobierno elimin\u00f3 la secretar\u00eda de Prensa y sum\u00f3 el \u00e1rea de Inteligencia a la Presidencia"},"content":{"rendered":"<p style=\"text-align: center;\"><em><strong>El Ejecutivo realiz\u00f3 varias modificaciones en el organigrama de la Administraci\u00f3n P\u00fablica Nacional, con la cobertura de actividades presidenciales<\/strong><\/em><\/p>\n<p>&nbsp;<\/p>\n<p>&nbsp;<\/p>\n<p>El Gobierno implement\u00f3 este martes cambios en el organigrama de la Administraci\u00f3n P\u00fablica Nacional, con la eliminaci\u00f3n de la Secretar\u00eda de Prensa, la incorporaci\u00f3n de la Secretar\u00eda de Inteligencia de Estado y una reestructuraci\u00f3n de la Secretar\u00eda de Comunicaci\u00f3n y Medios de la Presidencia de la Naci\u00f3n.<\/p>\n<p>La medida se implement\u00f3 a trav\u00e9s del Decreto 121\/2025, publicado este lunes en el Bolet\u00edn Oficial con las firmas del presidente Javier Milei y el jefe de Gabinete, Guillermo Francos. La norma suprime oficialmente la Secretar\u00eda de Prensa, que hab\u00eda sido disuelta hace unas semanas luego de la salida de Eduardo Serenellini del Gabinete. Otro \u00edtem destacado es el traslado de la Secretar\u00eda de Inteligencia del Estado (SIDE) al organigrama de la Presidencia de la Naci\u00f3n.<\/p>\n<p>El decreto implica la absorci\u00f3n de parte de la Secretar\u00eda de Comunicaci\u00f3n y Medios, a cargo de Manuel Adorni, de las funciones y responsabilidades de la antigua Secretar\u00eda de Prensa, un cambio que conlleva la transferencia de los cr\u00e9ditos presupuestarios, unidades organizativas, bienes, personal y dotaciones que pertenec\u00edan al \u00e1rea que hab\u00eda sido comandada por Serenellini.<\/p>\n<p>Adem\u00e1s, se deleg\u00f3 en la Secretar\u00eda de la Presidencia, a cargo de Karina Milei, la funci\u00f3n de &#8220;dirigir los procedimientos, la log\u00edstica y las acciones necesarias para la realizaci\u00f3n de la cobertura fotogr\u00e1fica y videogr\u00e1fica de las actividades del Presidente de la Naci\u00f3n, junto con otras \u00e1reas de la Presidencia de la Naci\u00f3n con competencia en la materia&#8221;. De este \u00faltimo punto, se encargar\u00e1 la Subsecretar\u00eda de Asuntos Presidenciales.<\/p>\n<p>Ante esto, la Direcci\u00f3n de Realizaci\u00f3n Audiovisual de la Presidencia de la Naci\u00f3n y sus organismos dependientes (Coordinaci\u00f3n de Contenido Audiovisual y Coordinaci\u00f3n de Postproducci\u00f3n Audiovisual) pasaron a la \u00f3rbita de la Secretar\u00eda General de la Presidencia.<\/p>\n<p>Tambi\u00e9n se transfiri\u00f3 la Coordinaci\u00f3n de Administraci\u00f3n de Comunicaci\u00f3n y Medios, dependiente de la Direcci\u00f3n General de Administraci\u00f3n, a la Subsecretar\u00eda de Coordinaci\u00f3n Administrativa del organismo encabezado por Adorni. Como parte de estos cambios, el Gobierno facult\u00f3 al vocero a modificar la estructura organizativa, &#8220;sin que ello implique incremento de las unidades organizativas que la componen ni de las correspondientes partidas presupuestarias&#8221;.<\/p>\n","protected":false},"excerpt":{"rendered":"<p>El Ejecutivo realiz\u00f3 varias modificaciones en el organigrama de la Administraci\u00f3n P\u00fablica Nacional, con la cobertura de actividades presidenciales &nbsp; &nbsp; El Gobierno implement\u00f3 este martes cambios en el organigrama de la Administraci\u00f3n P\u00fablica Nacional, con la eliminaci\u00f3n de la Secretar\u00eda de Prensa, la incorporaci\u00f3n de la Secretar\u00eda de Inteligencia de Estado y una reestructuraci\u00f3n de la Secretar\u00eda de Comunicaci\u00f3n y Medios de la Presidencia de la Naci\u00f3n. La medida se implement\u00f3 a trav\u00e9s del Decreto 121\/2025, publicado este lunes en el Bolet\u00edn Oficial con las firmas del presidente Javier&#8230;<\/p>\n","protected":false},"author":3,"featured_media":75808,"comment_status":"closed","ping_status":"closed","sticky":false,"template":"","format":"standard","meta":[],"categories":[18],"tags":[],"_links":{"self":[{"href":"https:\/\/www.actualidadadiario.com\/index.php\/wp-json\/wp\/v2\/posts\/125446"}],"collection":[{"href":"https:\/\/www.actualidadadiario.com\/index.php\/wp-json\/wp\/v2\/posts"}],"about":[{"href":"https:\/\/www.actualidadadiario.com\/index.php\/wp-json\/wp\/v2\/types\/post"}],"author":[{"embeddable":true,"href":"https:\/\/www.actualidadadiario.com\/index.php\/wp-json\/wp\/v2\/users\/3"}],"replies":[{"embeddable":true,"href":"https:\/\/www.actualidadadiario.com\/index.php\/wp-json\/wp\/v2\/comments?post=125446"}],"version-history":[{"count":1,"href":"https:\/\/www.actualidadadiario.com\/index.php\/wp-json\/wp\/v2\/posts\/125446\/revisions"}],"predecessor-version":[{"id":125447,"href":"https:\/\/www.actualidadadiario.com\/index.php\/wp-json\/wp\/v2\/posts\/125446\/revisions\/125447"}],"wp:featuredmedia":[{"embeddable":true,"href":"https:\/\/www.actualidadadiario.com\/index.php\/wp-json\/wp\/v2\/media\/75808"}],"wp:attachment":[{"href":"https:\/\/www.actualidadadiario.com\/index.php\/wp-json\/wp\/v2\/media?parent=125446"}],"wp:term":[{"taxonomy":"category","embeddable":true,"href":"https:\/\/www.actualidadadiario.com\/index.php\/wp-json\/wp\/v2\/categories?post=125446"},{"taxonomy":"post_tag","embeddable":true,"href":"https:\/\/www.actualidadadiario.com\/index.php\/wp-json\/wp\/v2\/tags?post=125446"}],"curies":[{"name":"wp","href":"https:\/\/api.w.org\/{rel}","templated":true}]}}