{"id":125444,"date":"2025-02-25T13:20:48","date_gmt":"2025-02-25T16:20:48","guid":{"rendered":"https:\/\/www.actualidadadiario.com\/?p=125444"},"modified":"2025-02-25T13:20:48","modified_gmt":"2025-02-25T16:20:48","slug":"la-justicia-suspende-la-transformacion-del-banco-nacion-en-sociedad-anonima","status":"publish","type":"post","link":"https:\/\/www.actualidadadiario.com\/index.php\/2025\/02\/25\/la-justicia-suspende-la-transformacion-del-banco-nacion-en-sociedad-anonima\/","title":{"rendered":"La justicia suspende la transformaci\u00f3n del Banco Naci\u00f3n en sociedad an\u00f3nima"},"content":{"rendered":"<p style=\"text-align: center;\"><em><strong>La justicia suspendi\u00f3 la transformaci\u00f3n del Banco Naci\u00f3n en sociedad an\u00f3nima. El decreto que habilitaba la privatizaci\u00f3n fue detenido por un juez en La Plata<\/strong><\/em><\/p>\n<p>&nbsp;<\/p>\n<p>&nbsp;<\/p>\n<p>La justicia federal de La Plata fren\u00f3 temporalmente la implementaci\u00f3n del controvertido decreto 116\/2025, que dispon\u00eda la transformaci\u00f3n del Banco de la Naci\u00f3n Argentina (BNA) en una sociedad an\u00f3nima. Este decreto, firmado por el Poder Ejecutivo, habilitaba la incorporaci\u00f3n de capital privado, lo que despert\u00f3 el rechazo de sectores pol\u00edticos y gremiales, que consideran que este movimiento podr\u00eda sentar las bases para una futura privatizaci\u00f3n.<\/p>\n<p>&nbsp;<\/p>\n<p><strong>Suspensi\u00f3n del decreto<\/strong><\/p>\n<p>El juez Alejo Ramos Padilla, quien firm\u00f3 la medida cautelar interina, explic\u00f3 que la transformaci\u00f3n del BNA podr\u00eda contradecir la Ley 27.742, conocida como Ley Bases, que expl\u00edcitamente excluye al Banco Naci\u00f3n de las entidades sujetas a privatizaci\u00f3n. Adem\u00e1s, Ramos Padilla subray\u00f3 que cualquier cambio en la estructura jur\u00eddica de esta entidad requiere la aprobaci\u00f3n del Congreso Nacional, y no puede ser decidido \u00fanicamente por el Ejecutivo.<\/p>\n<p>&nbsp;<\/p>\n<p><strong>El conflicto legal y el rol de los trabajadores<\/strong><\/p>\n<p>El fallo surge en el marco de una causa presentada por un grupo de trabajadores del BNA, que argumentan que el decreto firmado por el presidente podr\u00eda interpretarse como un intento encubierto de privatizaci\u00f3n. Entre los demandantes se encuentra Juan Honorio Guerrero Iraola, quien explic\u00f3 que esta reforma afectar\u00eda el car\u00e1cter p\u00fablico del banco, y permitir\u00eda que se incorporaran capitales privados en el futuro, lo que alterar\u00eda su misi\u00f3n y funciones.<\/p>\n<p>&nbsp;<\/p>\n<p><strong>Argumentos del juez y del gobierno<\/strong><\/p>\n<p>El juez Ramos Padilla consider\u00f3 que la suspensi\u00f3n del decreto era una medida precautoria, ya que la transformaci\u00f3n del banco en sociedad an\u00f3nima podr\u00eda acarrear &#8220;consecuencias jur\u00eddicas, econ\u00f3micas y sociales irreversibles&#8221;. La decisi\u00f3n de la justicia reaviv\u00f3 un debate que parec\u00eda cerrado, dado que el Poder Ejecutivo hab\u00eda descartado la privatizaci\u00f3n del Banco Naci\u00f3n durante la discusi\u00f3n de la Ley Bases.<\/p>\n<p>El decreto cuestionado hab\u00eda establecido que el BNA operar\u00eda bajo la normativa de la Ley 21.526 de Entidades Financieras y pon\u00eda en marcha un proceso de reorganizaci\u00f3n estatal. En este marco, habilitaba al Ministerio de Econom\u00eda a suscribir capital social y a dictar las normativas complementarias para su funcionamiento.<\/p>\n<p>&nbsp;<\/p>\n<p><strong>Impacto de la decisi\u00f3n judicial<\/strong><\/p>\n<p>El fallo judicial proh\u00edbe cualquier acci\u00f3n administrativa que apunte a la implementaci\u00f3n de la transformaci\u00f3n del BNA. Adem\u00e1s, se dio un plazo de cinco d\u00edas al Estado Nacional y al Banco Naci\u00f3n para que presenten un informe detallado sobre el &#8220;inter\u00e9s p\u00fablico&#8221; involucrado en esta cuesti\u00f3n.<\/p>\n<p>La medida cautelar representa un freno a las intenciones del gobierno de avanzar con la transformaci\u00f3n del Banco Naci\u00f3n, al menos hasta que se resuelva el fondo de la cuesti\u00f3n. La decisi\u00f3n judicial ha reavivado el debate sobre la privatizaci\u00f3n de una de las entidades m\u00e1s emblem\u00e1ticas del sistema financiero argentino, con un claro enfrentamiento entre los intereses del Ejecutivo y la defensa del car\u00e1cter p\u00fablico del banco por parte de los trabajadores y diversos sectores pol\u00edticos.<\/p>\n","protected":false},"excerpt":{"rendered":"<p>La justicia suspendi\u00f3 la transformaci\u00f3n del Banco Naci\u00f3n en sociedad an\u00f3nima. El decreto que habilitaba la privatizaci\u00f3n fue detenido por un juez en La Plata &nbsp; &nbsp; La justicia federal de La Plata fren\u00f3 temporalmente la implementaci\u00f3n del controvertido decreto 116\/2025, que dispon\u00eda la transformaci\u00f3n del Banco de la Naci\u00f3n Argentina (BNA) en una sociedad an\u00f3nima. Este decreto, firmado por el Poder Ejecutivo, habilitaba la incorporaci\u00f3n de capital privado, lo que despert\u00f3 el rechazo de sectores pol\u00edticos y gremiales, que consideran que este movimiento podr\u00eda sentar las bases para una&#8230;<\/p>\n","protected":false},"author":3,"featured_media":55850,"comment_status":"closed","ping_status":"closed","sticky":false,"template":"","format":"standard","meta":[],"categories":[18],"tags":[],"_links":{"self":[{"href":"https:\/\/www.actualidadadiario.com\/index.php\/wp-json\/wp\/v2\/posts\/125444"}],"collection":[{"href":"https:\/\/www.actualidadadiario.com\/index.php\/wp-json\/wp\/v2\/posts"}],"about":[{"href":"https:\/\/www.actualidadadiario.com\/index.php\/wp-json\/wp\/v2\/types\/post"}],"author":[{"embeddable":true,"href":"https:\/\/www.actualidadadiario.com\/index.php\/wp-json\/wp\/v2\/users\/3"}],"replies":[{"embeddable":true,"href":"https:\/\/www.actualidadadiario.com\/index.php\/wp-json\/wp\/v2\/comments?post=125444"}],"version-history":[{"count":1,"href":"https:\/\/www.actualidadadiario.com\/index.php\/wp-json\/wp\/v2\/posts\/125444\/revisions"}],"predecessor-version":[{"id":125445,"href":"https:\/\/www.actualidadadiario.com\/index.php\/wp-json\/wp\/v2\/posts\/125444\/revisions\/125445"}],"wp:featuredmedia":[{"embeddable":true,"href":"https:\/\/www.actualidadadiario.com\/index.php\/wp-json\/wp\/v2\/media\/55850"}],"wp:attachment":[{"href":"https:\/\/www.actualidadadiario.com\/index.php\/wp-json\/wp\/v2\/media?parent=125444"}],"wp:term":[{"taxonomy":"category","embeddable":true,"href":"https:\/\/www.actualidadadiario.com\/index.php\/wp-json\/wp\/v2\/categories?post=125444"},{"taxonomy":"post_tag","embeddable":true,"href":"https:\/\/www.actualidadadiario.com\/index.php\/wp-json\/wp\/v2\/tags?post=125444"}],"curies":[{"name":"wp","href":"https:\/\/api.w.org\/{rel}","templated":true}]}}