{"id":125441,"date":"2025-02-25T13:19:58","date_gmt":"2025-02-25T16:19:58","guid":{"rendered":"https:\/\/www.actualidadadiario.com\/?p=125441"},"modified":"2025-02-25T13:19:58","modified_gmt":"2025-02-25T16:19:58","slug":"el-criptogate-empuja-a-la-ucr-a-una-ruptura","status":"publish","type":"post","link":"https:\/\/www.actualidadadiario.com\/index.php\/2025\/02\/25\/el-criptogate-empuja-a-la-ucr-a-una-ruptura\/","title":{"rendered":"El criptogate empuja a la UCR a una ruptura"},"content":{"rendered":"<p style=\"text-align: center;\"><em><strong>El jefe de bloque radical, Eduardo Vischi, qued\u00f3 en el ojo de la tormenta. Sus compa\u00f1eros de bloque lo acusan por su cambio de postura respecto de la comisi\u00f3n investigadora y reclaman un cambio<\/strong><\/em><\/p>\n<p>&nbsp;<\/p>\n<p>&nbsp;<\/p>\n<p>Irritados, desconfiados y al borde de la ruptura: as\u00ed qued\u00f3 el radicalismo en el Senado luego de la voltereta legislativa protagonizada por su jefe de bloque, Eduardo Vischi, en la votaci\u00f3n por la conformaci\u00f3n de la comisi\u00f3n investigadora del caso $Libra. El rescate apurado de los gobernadores radicales a Javier Milei en la \u00faltima sesi\u00f3n termin\u00f3 de hacer mella en un partido que, acostumbrado al internismo, se rebela ante la perspectiva de la anarqu\u00eda. \u201cAc\u00e1 nadie quiere hacer terrorismo, pero nadie ordena. No puede ser gratis lo que pas\u00f3\u201d, mascullan los radicales que, enojados con el correntino, empiezan a coquetear con la idea de la ruptura.<\/p>\n<p>El problema fue la exposici\u00f3n y la falta de coordinaci\u00f3n. No era la primera vez que Santiago Caputo y Guillermo Francos levantaban el tel\u00e9fono para presionar a los gobernadores radicales Gustavo Vald\u00e9s (Corrientes), Leandro Zdero (Chaco), Maximiliano Pullaro (Santa Fe) o Alfredo Cornejo (Mendoza) para desactivar una avanzada opositora. El 911 a los gobernadores radicales se hab\u00eda convertido en la herramienta predilecta del Ejecutivo, pero esta vez quien hab\u00eda quedado con los dedos marcados no hab\u00eda sido el oficialismo, negociando a contrarreloj para disimular su minor\u00eda, sino el radicalismo, que a partir de dos llamados hab\u00eda torcido su postura para blindar a Milei. El proyecto era del radicalismo y era el radicalismo quien sufr\u00eda el escarnio p\u00fablico por haber torcido su voto.<\/p>\n<p>Y el culpable de este estigma, ante los ojos de sus compa\u00f1eros de bloque, era solo uno: Eduardo \u201cPeteco\u201d Vischi. Hab\u00eda sido Vischi quien no hab\u00eda anticipado la presi\u00f3n a los gobernadores y hab\u00eda firmado, pese a ser su representante directo en el bloque, el proyecto que luego rechazar\u00eda. Hab\u00eda sido Vischi quien hab\u00eda asegurado que no dar\u00edan qu\u00f3rum para no generar divisiones internas y, luego, cay\u00f3 a la reuni\u00f3n de bloque con el presidente de LLA, Ezequiel Atauche, a intentar convencerlos de acompa\u00f1ar la propuesta oficialista de discutir la creaci\u00f3n de la comisi\u00f3n en una comisi\u00f3n del Senado. Es decir, la comisi\u00f3n de la comisi\u00f3n.<\/p>\n<p>\u201c\u00bfPero se comprometen a presentar un proyecto despu\u00e9s?\u201d, le pregunt\u00f3, entonces, el fueguino Pablo Blanco. Atauche amag\u00f3 con que s\u00ed, con que tal vez, pero en el bloque no le creyeron. Fue as\u00ed que los senadores rechazaron la propuesta -aunque no todos, algunos como el chaque\u00f1o V\u00edctor Zimmermann ven\u00edan advirtiendo que no pod\u00edan en contra de los deseos del Ejecutivo- y Vischi, para cerrar, dio por finalizada la discusi\u00f3n. En el recinto, sin embargo, encabez\u00f3 una maniobra que, luego, muchos de sus compa\u00f1eros de bloque calificar\u00edan de sospechosa: votar a favor del tratamiento sobre tablas del tema y, luego, votar en contra del proyecto de creaci\u00f3n de la comisi\u00f3n. Esto imposibilitaba volver a tratar cualquier iniciativa similar -incluso la propuesta del oficialismo- y muchos senadores interpretaron la maniobra como una trampa.<\/p>\n<p>\u201cNos minti\u00f3 dos veces\u201d, resume, irritado, un senador radical. La cr\u00edtica, sin embargo, no se limitaba a la maniobra de la comisi\u00f3n investigadora, sino a otro hecho previo: el acompa\u00f1amiento del pliego de Ariel Lijo. Pese a la decisi\u00f3n de la UCR de no acompa\u00f1ar la candidatura del juez federal, Vischi, a pedido del gobernador Vald\u00e9s, hab\u00eda colaborado con su firma en el dictamen. A sus compa\u00f1eros de bloque, sin embargo, les asegur\u00f3 que no lo hab\u00eda hecho: una mentira que dur\u00f3 hasta que se oficializ\u00f3 el pliego y el resto de los senadores radicales pudieron ver su firma en el dictamen. La \u00fanica firma radical en el pliego de Lijo.<\/p>\n<p>&nbsp;<\/p>\n<p>Cuando lo acorralaron, Vischi se limit\u00f3 a responder: \u201cPens\u00e9 que no se iba a tratar el pliego\u201d.<\/p>\n<p>&nbsp;<\/p>\n<p><strong>Un radicalismo dividido<\/strong><\/p>\n<p>Los ca\u00f1ones apuntan, ahora, contra Vischi, pero las repercusiones podr\u00edan derivar en una ruptura del bloque. La posibilidad de un quiebre dentro de un bloque que est\u00e1 dividido en dos grandes sectores \u2014uno lealmente oficialista y otro (aunque minoritario) duramente opositor\u2014 es una constante en la UCR: la posibilidad siempre est\u00e1 ah\u00ed presente. En los \u00faltimos d\u00edas, sin embargo, el runr\u00fan de la ruptura se hizo m\u00e1s fuerte que nunca.<\/p>\n<p>Son dos alas. Una, la m\u00e1s mile\u00edsta, funciona como una suerte de paraoficialismo y est\u00e1 integrada por todos aquellos senadores que responden a los gobernadores. Son los mendocinos Mariana Juri y Rodolfo Su\u00e1rez; el santafesino Eduardo Galaretto y, muchas veces, su coterr\u00e1nea Carolina Losada; son la correntina Mercedes Valenzuela y, claro, el propio Vischi. Tambi\u00e9n Zimmerman y la entrerriana que responde a Rogelio Frigerio, Stella Maris Olalla. La mayor\u00eda de ellos vot\u00f3 en contra de la comisi\u00f3n investigadora.<\/p>\n<p>En la vereda del frente, mientras tanto, est\u00e1n Mart\u00edn Lousteau, Maximiliano Abad y Blanco: el tr\u00edo opositor m\u00e1s duro al Gobierno. Aunque con matices. Mientras que Lousteau tiene una mayor autonom\u00eda a la hora de diferenciarse del Gobierno -pese a ser el presidente de la UCR-, Abad debe lidiar con la posibilidad de un acuerdo electoral en la Provincia de Buenos Aires con LLA. El pampeano Daniel Kroneberger y el catamarque\u00f1o Flavio Fama, en cambio, son dos senadores que van boyando entre ambos sectores.<\/p>\n<p>Esta divisi\u00f3n interna, admiten muchos radicales, no tardar\u00e1 en explotar. La actitud de Vischi, en este sentido, no har\u00e1 sino acelerar el proceso. \u201cVamos a evitar que se rompa, pero para eso algunas cosas tienen que cambiar\u201d, desliza un senador radical que pone en duda, como la mayor\u00eda, de la continuidad de Vischi.<\/p>\n<p>Hay una frase que se repite en el bloque: \u201cHay que repensar los equilibrios internos\u201d. Un eufemismo que refiere a la salida de Vischi, el protegido del Ejecutivo, pero tambi\u00e9n a la relaci\u00f3n de fuerzas interna del radicalismo. En Diputados, el a\u00f1o pasado, estas diferencias internas derivaron en la ruptura del bloque que presid\u00eda Rodrigo de Loredo. Fue el primer anticipo de la crisis que atraviesa al partido frente a las elecciones de 2025 y las alianzas que un sector de la UCR est\u00e1 dispuesta a sellar con LLA para no desaparecer del mapa pol\u00edtico. El Senado, esperan sus integrantes, ser\u00e1 distinto.<\/p>\n<p>Pero una cosa es segura, y un senador peronista la resume as\u00ed: \u201cHubo dos muertes violentas en la historia del Senado. Una fue la de Enzo Bordabehere (compa\u00f1ero de Lisandro de la Torre asesinado durante una sesi\u00f3n), la otra es la de Vischi\u201d.<\/p>\n","protected":false},"excerpt":{"rendered":"<p>El jefe de bloque radical, Eduardo Vischi, qued\u00f3 en el ojo de la tormenta. Sus compa\u00f1eros de bloque lo acusan por su cambio de postura respecto de la comisi\u00f3n investigadora y reclaman un cambio &nbsp; &nbsp; Irritados, desconfiados y al borde de la ruptura: as\u00ed qued\u00f3 el radicalismo en el Senado luego de la voltereta legislativa protagonizada por su jefe de bloque, Eduardo Vischi, en la votaci\u00f3n por la conformaci\u00f3n de la comisi\u00f3n investigadora del caso $Libra. El rescate apurado de los gobernadores radicales a Javier Milei en la \u00faltima&#8230;<\/p>\n","protected":false},"author":3,"featured_media":125442,"comment_status":"closed","ping_status":"closed","sticky":false,"template":"","format":"standard","meta":[],"categories":[18],"tags":[],"_links":{"self":[{"href":"https:\/\/www.actualidadadiario.com\/index.php\/wp-json\/wp\/v2\/posts\/125441"}],"collection":[{"href":"https:\/\/www.actualidadadiario.com\/index.php\/wp-json\/wp\/v2\/posts"}],"about":[{"href":"https:\/\/www.actualidadadiario.com\/index.php\/wp-json\/wp\/v2\/types\/post"}],"author":[{"embeddable":true,"href":"https:\/\/www.actualidadadiario.com\/index.php\/wp-json\/wp\/v2\/users\/3"}],"replies":[{"embeddable":true,"href":"https:\/\/www.actualidadadiario.com\/index.php\/wp-json\/wp\/v2\/comments?post=125441"}],"version-history":[{"count":1,"href":"https:\/\/www.actualidadadiario.com\/index.php\/wp-json\/wp\/v2\/posts\/125441\/revisions"}],"predecessor-version":[{"id":125443,"href":"https:\/\/www.actualidadadiario.com\/index.php\/wp-json\/wp\/v2\/posts\/125441\/revisions\/125443"}],"wp:featuredmedia":[{"embeddable":true,"href":"https:\/\/www.actualidadadiario.com\/index.php\/wp-json\/wp\/v2\/media\/125442"}],"wp:attachment":[{"href":"https:\/\/www.actualidadadiario.com\/index.php\/wp-json\/wp\/v2\/media?parent=125441"}],"wp:term":[{"taxonomy":"category","embeddable":true,"href":"https:\/\/www.actualidadadiario.com\/index.php\/wp-json\/wp\/v2\/categories?post=125441"},{"taxonomy":"post_tag","embeddable":true,"href":"https:\/\/www.actualidadadiario.com\/index.php\/wp-json\/wp\/v2\/tags?post=125441"}],"curies":[{"name":"wp","href":"https:\/\/api.w.org\/{rel}","templated":true}]}}