{"id":125439,"date":"2025-02-25T13:18:40","date_gmt":"2025-02-25T16:18:40","guid":{"rendered":"https:\/\/www.actualidadadiario.com\/?p=125439"},"modified":"2025-02-25T13:18:40","modified_gmt":"2025-02-25T16:18:40","slug":"los-senadores-de-union-por-la-patria-estaran-ausentes-en-la-apertura-de-sesiones-ordinarias-de-javier-milei-en-el-congreso","status":"publish","type":"post","link":"https:\/\/www.actualidadadiario.com\/index.php\/2025\/02\/25\/los-senadores-de-union-por-la-patria-estaran-ausentes-en-la-apertura-de-sesiones-ordinarias-de-javier-milei-en-el-congreso\/","title":{"rendered":"Los senadores de Uni\u00f3n por la Patria estar\u00e1n ausentes en la apertura de sesiones ordinarias de Javier Milei en el Congreso"},"content":{"rendered":"<p style=\"text-align: center;\"><em><strong>&#8220;En el bloque de senadores ya decidimos no escuchar al Presidente porque las veces que se refiere a nosotros este primero nos trata muy mal y miente&#8221;, inform\u00f3 este lunes el presidente del interbloque Frente Nacional y Popular, Jos\u00e9 Mayans<\/strong><\/em><\/p>\n<p>&nbsp;<\/p>\n<p>&nbsp;<\/p>\n<p>El bloque de senadores de Uni\u00f3n por la Patria (UXP) inform\u00f3 que no estar\u00e1 presente en el recinto para escuchar el discurso de apertura de sesiones ordinarias del presidente Javier Milei que se realizar\u00e1 el pr\u00f3ximo s\u00e1bado 1 de marzo en el Congreso.<\/p>\n<p>&#8220;Nosotros en el bloque de senadores ya decidimos no escuchar al Presidente porque las veces que se refiere a nosotros este primero nos trata muy mal y miente&#8221;, inform\u00f3 este lunes el presidente del interbloque Frente Nacional y Popular, Jos\u00e9 Mayans.<\/p>\n<p>&#8220;Ya sabemos lo que ha pasado en un a\u00f1o de Gobierno y lo que queremos que el Presidente, as\u00ed como vino a hacer el show del lanzamiento del presupuesto, que d\u00e9 las instrucciones para que se inicie el tratamiento en la C\u00e1mara de Diputados&#8221;, agreg\u00f3.<\/p>\n<p>&nbsp;<\/p>\n<p><strong>Los detalles de la apertura de sesiones ordinarias<\/strong><\/p>\n<p>Luego de su gira norteamericana, Milei mantendr\u00e1 las habituales reuniones junto a su Gabinete, que se realizan los martes y jueves, y pondr\u00e1 la mira en el discurso que dar\u00e1 el pr\u00f3ximo s\u00e1bado 1\u00ba de marzo, en la apertura de las sesiones ordinarias del Congreso.<\/p>\n<p>Ser\u00e1 en el &#8220;prime time&#8221; televiso, al igual que el a\u00f1o pasado, ya que consideran que sigue siendo la mejor opci\u00f3n para que el mensaje presidencial tenga mayor amplificaci\u00f3n. La duda de si volver al horario tradicional del discurso, en torno a las 11 de la ma\u00f1ana, o mantenerlo en el &#8220;prime time&#8221; se puso en duda debido a que este a\u00f1o la apertura de sesiones caer\u00e1 en fin de semana extra largo de cuatro d\u00edas, debido a que el lunes 3 y martes 4 de marzo ser\u00e1n feriados por Carnaval.<\/p>\n<p>Con el inicio formal del per\u00edodo legislativo, en el Gobierno buscar\u00e1n debatir proyectos claves, tales como la Reforma del C\u00f3digo Penal y la &#8220;discriminaci\u00f3n positiva&#8221;, nombre que desde el oficialismo le otorgaron a la idea de eliminar los cupos trans y modificar la Ley de Identidad de G\u00e9nero.<\/p>\n","protected":false},"excerpt":{"rendered":"<p>&#8220;En el bloque de senadores ya decidimos no escuchar al Presidente porque las veces que se refiere a nosotros este primero nos trata muy mal y miente&#8221;, inform\u00f3 este lunes el presidente del interbloque Frente Nacional y Popular, Jos\u00e9 Mayans &nbsp; &nbsp; El bloque de senadores de Uni\u00f3n por la Patria (UXP) inform\u00f3 que no estar\u00e1 presente en el recinto para escuchar el discurso de apertura de sesiones ordinarias del presidente Javier Milei que se realizar\u00e1 el pr\u00f3ximo s\u00e1bado 1 de marzo en el Congreso. &#8220;Nosotros en el bloque de&#8230;<\/p>\n","protected":false},"author":3,"featured_media":124935,"comment_status":"closed","ping_status":"closed","sticky":false,"template":"","format":"standard","meta":[],"categories":[18],"tags":[],"_links":{"self":[{"href":"https:\/\/www.actualidadadiario.com\/index.php\/wp-json\/wp\/v2\/posts\/125439"}],"collection":[{"href":"https:\/\/www.actualidadadiario.com\/index.php\/wp-json\/wp\/v2\/posts"}],"about":[{"href":"https:\/\/www.actualidadadiario.com\/index.php\/wp-json\/wp\/v2\/types\/post"}],"author":[{"embeddable":true,"href":"https:\/\/www.actualidadadiario.com\/index.php\/wp-json\/wp\/v2\/users\/3"}],"replies":[{"embeddable":true,"href":"https:\/\/www.actualidadadiario.com\/index.php\/wp-json\/wp\/v2\/comments?post=125439"}],"version-history":[{"count":1,"href":"https:\/\/www.actualidadadiario.com\/index.php\/wp-json\/wp\/v2\/posts\/125439\/revisions"}],"predecessor-version":[{"id":125440,"href":"https:\/\/www.actualidadadiario.com\/index.php\/wp-json\/wp\/v2\/posts\/125439\/revisions\/125440"}],"wp:featuredmedia":[{"embeddable":true,"href":"https:\/\/www.actualidadadiario.com\/index.php\/wp-json\/wp\/v2\/media\/124935"}],"wp:attachment":[{"href":"https:\/\/www.actualidadadiario.com\/index.php\/wp-json\/wp\/v2\/media?parent=125439"}],"wp:term":[{"taxonomy":"category","embeddable":true,"href":"https:\/\/www.actualidadadiario.com\/index.php\/wp-json\/wp\/v2\/categories?post=125439"},{"taxonomy":"post_tag","embeddable":true,"href":"https:\/\/www.actualidadadiario.com\/index.php\/wp-json\/wp\/v2\/tags?post=125439"}],"curies":[{"name":"wp","href":"https:\/\/api.w.org\/{rel}","templated":true}]}}