{"id":125432,"date":"2025-02-25T12:52:55","date_gmt":"2025-02-25T15:52:55","guid":{"rendered":"https:\/\/www.actualidadadiario.com\/?p=125432"},"modified":"2025-02-25T12:52:55","modified_gmt":"2025-02-25T15:52:55","slug":"el-indec-revela-la-actividad-economica-de-diciembre","status":"publish","type":"post","link":"https:\/\/www.actualidadadiario.com\/index.php\/2025\/02\/25\/el-indec-revela-la-actividad-economica-de-diciembre\/","title":{"rendered":"El INDEC revela la actividad econ\u00f3mica de diciembre"},"content":{"rendered":"<p style=\"text-align: center;\"><em><strong>Se espera que la actividad econ\u00f3mica haya cerrado el a\u00f1o con una contracci\u00f3n del 3%. Cu\u00e1les fueron los sectores m\u00e1s afectados<\/strong><\/em><\/p>\n<p>&nbsp;<\/p>\n<p>&nbsp;<\/p>\n<p>El Instituto Nacional de Estad\u00edsticas y Censos (INDEC) informar\u00e1 este martes c\u00f3mo evolucion\u00f3 la actividad econ\u00f3mica en diciembre, dato clave para evaluar el desempe\u00f1o del primer a\u00f1o de la gesti\u00f3n de Javier Milei. Seg\u00fan estimaciones privadas, se espera que la contracci\u00f3n anual ronde el 3%.<\/p>\n<p>Un informe de la consultora Orlando Ferreres anticip\u00f3 que la actividad econ\u00f3mica registr\u00f3 un crecimiento del 4,6% en diciembre de 2024 respecto al mismo mes del a\u00f1o anterior. Adem\u00e1s, la medici\u00f3n desestacionalizada reflej\u00f3 una suba del 1,3% frente a noviembre. Sin embargo, el cierre del a\u00f1o evidenci\u00f3 una ca\u00edda del 2,9% en t\u00e9rminos interanuales.<\/p>\n<p>&nbsp;<\/p>\n<p><strong>La actividad econ\u00f3mica en los \u00faltimos meses<\/strong><\/p>\n<p>El \u00faltimo dato oficial del INDEC, correspondiente a noviembre, mostr\u00f3 el primer crecimiento interanual en seis meses y el segundo de la gesti\u00f3n Milei. En t\u00e9rminos mensuales, la actividad econ\u00f3mica sum\u00f3 siete meses consecutivos sin ca\u00eddas.<\/p>\n<p>El Estimador Mensual de Actividad Econ\u00f3mica (EMAE) registr\u00f3 en noviembre una leve suba del 0,1% respecto al mismo mes de 2023, lo que permiti\u00f3 ubicarse apenas por encima del nivel heredado de la gesti\u00f3n de Alberto Fern\u00e1ndez y Sergio Massa.<\/p>\n<p>El anterior aumento del EMAE hab\u00eda sido en mayo de 2024, pero estuvo influenciado por la baja base de comparaci\u00f3n debida a la fuerte sequ\u00eda de 2023, que afect\u00f3 el rendimiento agr\u00edcola.<\/p>\n<p>&nbsp;<\/p>\n<p><strong>Los sectores m\u00e1s destacados en 2024<\/strong><\/p>\n<p>El informe de Orlando Ferreres detall\u00f3 que, de los once sectores evaluados, siete crecieron en diciembre, mientras que cuatro registraron ca\u00eddas.<\/p>\n<p>El rubro con mejor desempe\u00f1o fue la intermediaci\u00f3n financiera, con un incremento del 16,2% en diciembre. Sin embargo, esta mejora no compens\u00f3 los meses previos en baja, por lo que cerr\u00f3 el a\u00f1o con una ca\u00edda del 2,4%.<\/p>\n<p>Por su parte, la agricultura, ganader\u00eda, caza y silvicultura fue uno de los pocos sectores con crecimiento tanto en diciembre (+15,1%) como en el balance anual (+35,4%). No obstante, las perspectivas clim\u00e1ticas no son favorables y podr\u00edan afectar las cosechas futuras, especialmente la de ma\u00edz.<\/p>\n<p>Otro sector con n\u00fameros positivos fue la industria manufacturera, que creci\u00f3 un 4,5% en diciembre, aunque acumul\u00f3 una ca\u00edda anual del 6,2%.<\/p>\n<p>&nbsp;<\/p>\n<p><strong>Los sectores con mayores ca\u00eddas<\/strong><\/p>\n<p>Entre los rubros en baja, el m\u00e1s golpeado fue la construcci\u00f3n, con una ca\u00edda del 10,6% en diciembre y un derrumbe del 21,1% en el acumulado anual. La desaceleraci\u00f3n de la obra p\u00fablica financiada por el Estado nacional fue clave en este retroceso.<\/p>\n<p>Los datos oficiales del INDEC confirmar\u00e1n en las pr\u00f3ximas horas si estas tendencias se mantienen y cu\u00e1l es la cifra final de la actividad econ\u00f3mica en el primer a\u00f1o de gobierno de Javier Milei.<\/p>\n","protected":false},"excerpt":{"rendered":"<p>Se espera que la actividad econ\u00f3mica haya cerrado el a\u00f1o con una contracci\u00f3n del 3%. Cu\u00e1les fueron los sectores m\u00e1s afectados &nbsp; &nbsp; El Instituto Nacional de Estad\u00edsticas y Censos (INDEC) informar\u00e1 este martes c\u00f3mo evolucion\u00f3 la actividad econ\u00f3mica en diciembre, dato clave para evaluar el desempe\u00f1o del primer a\u00f1o de la gesti\u00f3n de Javier Milei. Seg\u00fan estimaciones privadas, se espera que la contracci\u00f3n anual ronde el 3%. Un informe de la consultora Orlando Ferreres anticip\u00f3 que la actividad econ\u00f3mica registr\u00f3 un crecimiento del 4,6% en diciembre de 2024 respecto&#8230;<\/p>\n","protected":false},"author":3,"featured_media":89031,"comment_status":"closed","ping_status":"closed","sticky":false,"template":"","format":"standard","meta":[],"categories":[2],"tags":[],"_links":{"self":[{"href":"https:\/\/www.actualidadadiario.com\/index.php\/wp-json\/wp\/v2\/posts\/125432"}],"collection":[{"href":"https:\/\/www.actualidadadiario.com\/index.php\/wp-json\/wp\/v2\/posts"}],"about":[{"href":"https:\/\/www.actualidadadiario.com\/index.php\/wp-json\/wp\/v2\/types\/post"}],"author":[{"embeddable":true,"href":"https:\/\/www.actualidadadiario.com\/index.php\/wp-json\/wp\/v2\/users\/3"}],"replies":[{"embeddable":true,"href":"https:\/\/www.actualidadadiario.com\/index.php\/wp-json\/wp\/v2\/comments?post=125432"}],"version-history":[{"count":1,"href":"https:\/\/www.actualidadadiario.com\/index.php\/wp-json\/wp\/v2\/posts\/125432\/revisions"}],"predecessor-version":[{"id":125433,"href":"https:\/\/www.actualidadadiario.com\/index.php\/wp-json\/wp\/v2\/posts\/125432\/revisions\/125433"}],"wp:featuredmedia":[{"embeddable":true,"href":"https:\/\/www.actualidadadiario.com\/index.php\/wp-json\/wp\/v2\/media\/89031"}],"wp:attachment":[{"href":"https:\/\/www.actualidadadiario.com\/index.php\/wp-json\/wp\/v2\/media?parent=125432"}],"wp:term":[{"taxonomy":"category","embeddable":true,"href":"https:\/\/www.actualidadadiario.com\/index.php\/wp-json\/wp\/v2\/categories?post=125432"},{"taxonomy":"post_tag","embeddable":true,"href":"https:\/\/www.actualidadadiario.com\/index.php\/wp-json\/wp\/v2\/tags?post=125432"}],"curies":[{"name":"wp","href":"https:\/\/api.w.org\/{rel}","templated":true}]}}