{"id":125424,"date":"2025-02-25T12:50:15","date_gmt":"2025-02-25T15:50:15","guid":{"rendered":"https:\/\/www.actualidadadiario.com\/?p=125424"},"modified":"2025-02-25T12:50:15","modified_gmt":"2025-02-25T15:50:15","slug":"caso-lian-interpol-activo-la-busqueda-internacional-del-nene-de-3-anos-desaparecido-en-cordoba","status":"publish","type":"post","link":"https:\/\/www.actualidadadiario.com\/index.php\/2025\/02\/25\/caso-lian-interpol-activo-la-busqueda-internacional-del-nene-de-3-anos-desaparecido-en-cordoba\/","title":{"rendered":"Caso Lian: Interpol activ\u00f3 la b\u00fasqueda internacional del nene de 3 a\u00f1os desaparecido en C\u00f3rdoba"},"content":{"rendered":"<p style=\"text-align: center;\"><em><strong>La agencia emiti\u00f3 una notificaci\u00f3n amarilla solicitada por los investigadores que intentar dar con el paradero del menor<\/strong><\/em><\/p>\n<p>&nbsp;<\/p>\n<p>&nbsp;<\/p>\n<p>Los investigadores que participan de la b\u00fasqueda de Lian Gael Flores Soraide, en C\u00f3rdoba, trabajan bajo estricto secreto de sumario. En las \u00faltimas horas, pidieron a Interpol que active una notificaci\u00f3n amarilla para encontrar al nene de 3 a\u00f1os que desapareci\u00f3 el s\u00e1bado pasado, en un asentamiento compuesto por alrededor de 20 personas, cercano a Ballesteros Sud, un pueblo de unos 700 habitantes y ubicado a 200 kil\u00f3metros de la capital provincial.<\/p>\n<p>\u00bfQu\u00e9 es una notificaci\u00f3n amarilla? Tal como lo explica la agencia internacional, es \u201cuna alerta policial mundial sobre una persona desaparecida. Se publica para localizar a v\u00edctimas de rapto por uno de los progenitores, retenciones (secuestros) o desapariciones inexplicadas&#8221;.<\/p>\n<p>En el caso de Lian, la circular espec\u00edfica su fecha de nacimiento, el d\u00eda que desapareci\u00f3, el lugar (C\u00f3rdoba), el nombre de sus padres y da una breve descripci\u00f3n f\u00edsica (altura, color de cabello y de ojos). La informaci\u00f3n es acompa\u00f1ada por la foto del menor.<\/p>\n<p>Fuentes del caso indicaron que la convocatoria a Interpol fue pedida por Isabel Reyna y Nicol\u00e1s Gambini, los fiscales a cargo del expediente, a ra\u00edz de una medida solicitada por el SIFEBU.<\/p>\n<p>El ente, que depende del Ministerio de Seguridad Nacional, hab\u00eda emitido el domingo pasado el Alerta Sof\u00eda, el sistema destinado a la b\u00fasqueda urgente de ni\u00f1os y ni\u00f1as en peligro.<\/p>\n<p>En tanto, los rastrillajes continuaban bajo la lluvia en la zona cero: participan en total 340 efectivos de diversas fuerzas de seguridad como la Polic\u00eda de C\u00f3rdoba, sus bomberos y su brigada canina, as\u00ed como 30 hombres y mujeres de la Polic\u00eda Federal con la Divisi\u00f3n Unidad Operativa Federal C\u00f3rdoba, el \u00e1rea de Investigaciones Especiales de la Provincia y las DUOF de Bell Ville, General Deheza y Villa Mar\u00eda.<\/p>\n<p>En el lugar, adem\u00e1s, trabaja personal del Ej\u00e9rcito Argentino. La PFA, por su parte, aport\u00f3 y oper\u00f3 un drone con c\u00e1maras infrarrojas que fue empleado ayer por la noche.<\/p>\n<p>En las \u00faltimas 48 horas, se hicieron allanamientos, en los que se incautaron tres camionetas -entre ellas una camioneta Volkswagen Amarok blanca- y once celulares, seg\u00fan revel\u00f3 el fiscal general provincial Juan Manuel Delgado.<\/p>\n<p>Las identidades de los due\u00f1os de los veh\u00edculos y los dispositivos son mantenidas en reserva. Tampoco trascendieron los motivos de los allanamientos que llevaron a los secuestros.<\/p>\n<p>Infobae pudo saber de fuentes del caso que la apertura y an\u00e1lisis de los celulares comenz\u00f3 ayer lunes en un laboratorio de la Polic\u00eda Judicial del Ministerio P\u00fablico Fiscal cordob\u00e9s.<\/p>\n<p>Por el momento, no se descarta ninguna hip\u00f3tesis.<\/p>\n<p>&nbsp;<\/p>\n<p><strong>Renunci\u00f3 la abogada de la familia de Lian<\/strong><\/p>\n<p>Marina Romano, la abogada de la familia de Lian, renunci\u00f3 tras plantear una serie de cuestionamientos contra la fiscal\u00eda de Bell Ville, a cargo del caso.<\/p>\n<p>La decisi\u00f3n fue informada este martes por la letrada, quien aleg\u00f3 que dej\u00f3 su lugar luego de un pedido de la fiscal\u00eda que no cay\u00f3 bien en el entorno del menor. Seg\u00fan cont\u00f3 en medios radiales, los padres de Lian declararon durante 10 horas y tras salir se\u00f1alaron que les pidieron que no dieran m\u00e1s declaraciones a la prensa.<\/p>\n<p>\u201cCuando sali\u00f3 de declarar el pap\u00e1, me dijo que le hab\u00edan pedido que no haga m\u00e1s declaraciones sobre el hecho\u201d, manifest\u00f3 Romano, quien adem\u00e1s sum\u00f3 que a casi 72 horas de la desaparici\u00f3n, la fiscal\u00eda \u201cno nos traslad\u00f3 ninguna hip\u00f3tesis\u201d.<\/p>\n<p>\u201cPienso que alguien lo tiene. Me duele mucho\u201d, sostuvo el padre de Lian en di\u00e1logo con medios locales. Y agreg\u00f3: \u201cNunca me hab\u00eda pasado esto, cuatro a\u00f1os que vivo ah\u00ed, todos los d\u00edas hago el mismo trabajo, el mismo horario, esta vez no s\u00e9 qu\u00e9 pas\u00f3, que de una desapareci\u00f3\u201d.<\/p>\n<p>\u201cNo s\u00e9 si ser\u00e1 alguna venganza o qu\u00e9 s\u00e9 yo, pero que aparezca mi ni\u00f1o, porque es un ni\u00f1o tranquilo\u201d, cerr\u00f3 el hombre.<\/p>\n<p>Seg\u00fan relataron sus padres, Lian fue visto por \u00faltima vez el s\u00e1bado cerca de las 15, cuando ellos se acostaron a dormir la siesta. Al levantarse, el menor ya no estaba.<\/p>\n","protected":false},"excerpt":{"rendered":"<p>La agencia emiti\u00f3 una notificaci\u00f3n amarilla solicitada por los investigadores que intentar dar con el paradero del menor &nbsp; &nbsp; Los investigadores que participan de la b\u00fasqueda de Lian Gael Flores Soraide, en C\u00f3rdoba, trabajan bajo estricto secreto de sumario. En las \u00faltimas horas, pidieron a Interpol que active una notificaci\u00f3n amarilla para encontrar al nene de 3 a\u00f1os que desapareci\u00f3 el s\u00e1bado pasado, en un asentamiento compuesto por alrededor de 20 personas, cercano a Ballesteros Sud, un pueblo de unos 700 habitantes y ubicado a 200 kil\u00f3metros de la&#8230;<\/p>\n","protected":false},"author":3,"featured_media":125425,"comment_status":"closed","ping_status":"closed","sticky":false,"template":"","format":"standard","meta":[],"categories":[2],"tags":[],"_links":{"self":[{"href":"https:\/\/www.actualidadadiario.com\/index.php\/wp-json\/wp\/v2\/posts\/125424"}],"collection":[{"href":"https:\/\/www.actualidadadiario.com\/index.php\/wp-json\/wp\/v2\/posts"}],"about":[{"href":"https:\/\/www.actualidadadiario.com\/index.php\/wp-json\/wp\/v2\/types\/post"}],"author":[{"embeddable":true,"href":"https:\/\/www.actualidadadiario.com\/index.php\/wp-json\/wp\/v2\/users\/3"}],"replies":[{"embeddable":true,"href":"https:\/\/www.actualidadadiario.com\/index.php\/wp-json\/wp\/v2\/comments?post=125424"}],"version-history":[{"count":1,"href":"https:\/\/www.actualidadadiario.com\/index.php\/wp-json\/wp\/v2\/posts\/125424\/revisions"}],"predecessor-version":[{"id":125426,"href":"https:\/\/www.actualidadadiario.com\/index.php\/wp-json\/wp\/v2\/posts\/125424\/revisions\/125426"}],"wp:featuredmedia":[{"embeddable":true,"href":"https:\/\/www.actualidadadiario.com\/index.php\/wp-json\/wp\/v2\/media\/125425"}],"wp:attachment":[{"href":"https:\/\/www.actualidadadiario.com\/index.php\/wp-json\/wp\/v2\/media?parent=125424"}],"wp:term":[{"taxonomy":"category","embeddable":true,"href":"https:\/\/www.actualidadadiario.com\/index.php\/wp-json\/wp\/v2\/categories?post=125424"},{"taxonomy":"post_tag","embeddable":true,"href":"https:\/\/www.actualidadadiario.com\/index.php\/wp-json\/wp\/v2\/tags?post=125424"}],"curies":[{"name":"wp","href":"https:\/\/api.w.org\/{rel}","templated":true}]}}