{"id":125414,"date":"2025-02-25T12:46:11","date_gmt":"2025-02-25T15:46:11","guid":{"rendered":"https:\/\/www.actualidadadiario.com\/?p=125414"},"modified":"2025-02-25T12:46:11","modified_gmt":"2025-02-25T15:46:11","slug":"segun-un-estudio-de-opinion-la-principal-preocupacion-de-los-argentinos-es-ahora-no-llegar-a-fin-de-mes","status":"publish","type":"post","link":"https:\/\/www.actualidadadiario.com\/index.php\/2025\/02\/25\/segun-un-estudio-de-opinion-la-principal-preocupacion-de-los-argentinos-es-ahora-no-llegar-a-fin-de-mes\/","title":{"rendered":"Seg\u00fan un estudio de opini\u00f3n, la principal preocupaci\u00f3n de los argentinos es ahora &#8220;no llegar a fin de mes&#8221;"},"content":{"rendered":"<p style=\"text-align: center;\"><em><strong>Un relevamiento privado revel\u00f3 que al 36,2% le preocupa m\u00e1s las dificultades para llegar a fin de mes que la inseguridad. Cu\u00e1l es la mirada sobre el rumbo econ\u00f3mico y el esc\u00e1ndalo de $LIBRA<\/strong><\/em><\/p>\n<p>&nbsp;<\/p>\n<p>&nbsp;<\/p>\n<p>Pese a los buenos n\u00fameros de la macroeconom\u00eda, los argentinos a\u00fan no sienten en el bolsillo la recuperaci\u00f3n de los salarios que, seg\u00fan INDEC, se registr\u00f3 durante 2024, tras la fuerte devaluaci\u00f3n de inicios del gobierno de Javier Milei. Para peor, m\u00e1s de un tercio de asegura que su principal preocupaci\u00f3n es &#8220;no llegar a fin de mes&#8221;. Sobre el esc\u00e1ndalo $LIBRA, el 45,5% consider\u00f3 que el Presidente busc\u00f3 asegurarse beneficios personales.<\/p>\n<p>Una encuesta de la consultora Proyecci\u00f3n revel\u00f3 que &#8220;no llegar a fin de mes&#8221; encabeza el ranking de las preocupaciones que actualmente aquejan a los ciudadanos, con un 36,2%, por encima de la &#8220;inseguridad y el crimen&#8221;, con el 27,8%.<\/p>\n<p>La preocupaci\u00f3n de car\u00e1cter monetaria se ubic\u00f3 por encima del riesgo de &#8220;que el pa\u00eds entre en crisis total&#8221;, que concentr\u00f3 un 19,6% de los votos. En tanto que una eventual restricci\u00f3n de derechos o libertades por parte del gobierno de Milei aglutin\u00f3 el 10,6%. En \u00faltimo lugar aparece &#8220;no tener acceso a salud o educaci\u00f3n&#8221;, con 5,8%.<\/p>\n","protected":false},"excerpt":{"rendered":"<p>Un relevamiento privado revel\u00f3 que al 36,2% le preocupa m\u00e1s las dificultades para llegar a fin de mes que la inseguridad. Cu\u00e1l es la mirada sobre el rumbo econ\u00f3mico y el esc\u00e1ndalo de $LIBRA &nbsp; &nbsp; Pese a los buenos n\u00fameros de la macroeconom\u00eda, los argentinos a\u00fan no sienten en el bolsillo la recuperaci\u00f3n de los salarios que, seg\u00fan INDEC, se registr\u00f3 durante 2024, tras la fuerte devaluaci\u00f3n de inicios del gobierno de Javier Milei. Para peor, m\u00e1s de un tercio de asegura que su principal preocupaci\u00f3n es &#8220;no llegar&#8230;<\/p>\n","protected":false},"author":3,"featured_media":125415,"comment_status":"closed","ping_status":"closed","sticky":false,"template":"","format":"standard","meta":[],"categories":[9],"tags":[],"_links":{"self":[{"href":"https:\/\/www.actualidadadiario.com\/index.php\/wp-json\/wp\/v2\/posts\/125414"}],"collection":[{"href":"https:\/\/www.actualidadadiario.com\/index.php\/wp-json\/wp\/v2\/posts"}],"about":[{"href":"https:\/\/www.actualidadadiario.com\/index.php\/wp-json\/wp\/v2\/types\/post"}],"author":[{"embeddable":true,"href":"https:\/\/www.actualidadadiario.com\/index.php\/wp-json\/wp\/v2\/users\/3"}],"replies":[{"embeddable":true,"href":"https:\/\/www.actualidadadiario.com\/index.php\/wp-json\/wp\/v2\/comments?post=125414"}],"version-history":[{"count":1,"href":"https:\/\/www.actualidadadiario.com\/index.php\/wp-json\/wp\/v2\/posts\/125414\/revisions"}],"predecessor-version":[{"id":125416,"href":"https:\/\/www.actualidadadiario.com\/index.php\/wp-json\/wp\/v2\/posts\/125414\/revisions\/125416"}],"wp:featuredmedia":[{"embeddable":true,"href":"https:\/\/www.actualidadadiario.com\/index.php\/wp-json\/wp\/v2\/media\/125415"}],"wp:attachment":[{"href":"https:\/\/www.actualidadadiario.com\/index.php\/wp-json\/wp\/v2\/media?parent=125414"}],"wp:term":[{"taxonomy":"category","embeddable":true,"href":"https:\/\/www.actualidadadiario.com\/index.php\/wp-json\/wp\/v2\/categories?post=125414"},{"taxonomy":"post_tag","embeddable":true,"href":"https:\/\/www.actualidadadiario.com\/index.php\/wp-json\/wp\/v2\/tags?post=125414"}],"curies":[{"name":"wp","href":"https:\/\/api.w.org\/{rel}","templated":true}]}}