{"id":125412,"date":"2025-02-25T09:55:19","date_gmt":"2025-02-25T12:55:19","guid":{"rendered":"https:\/\/www.actualidadadiario.com\/?p=125412"},"modified":"2025-02-25T09:55:19","modified_gmt":"2025-02-25T12:55:19","slug":"alerta-por-fuertes-tormentas-en-una-zona-de-entre-rios","status":"publish","type":"post","link":"https:\/\/www.actualidadadiario.com\/index.php\/2025\/02\/25\/alerta-por-fuertes-tormentas-en-una-zona-de-entre-rios\/","title":{"rendered":"Alerta por fuertes tormentas en una zona de Entre R\u00edos"},"content":{"rendered":"<p style=\"text-align: center;\"><em><strong>El SMN emiti\u00f3 un aviso a corto plazo para los Departamentos Diamante, Victoria y Nogoy\u00e1. En Paran\u00e1 rige un alerta amarillo y se esperan lluvias<\/strong><\/em><\/p>\n<p>&nbsp;<\/p>\n<p>&nbsp;<\/p>\n<p>El Servicio Meteorol\u00f3gico Nacional emiti\u00f3 un alerta por fuertes tormentas para los Departamentos Diamante, Nogoy\u00e1 y Victoria para las pr\u00f3ximas horas.<\/p>\n<p>El \u00e1rea ser\u00e1 afectada por tormentas aisladas, algunas localmente fuertes. Las mismas estar\u00e1n acompa\u00f1adas por abundante ca\u00edda de agua en cortos per\u00edodos, fuerte actividad el\u00e9ctrica, ocasional granizo y r\u00e1fagas que podr\u00edan alcanzar los 80 km\/h. Se prev\u00e9n valores de precipitaci\u00f3n acumulada entre 30 y 60 mm, pudiendo ser superados en forma puntual.<\/p>\n<p>Entre las localidades afectadas se encuentran Aranguren, Hern\u00e1ndez, Febre, entre otras localidades de la zona.<\/p>\n<p>El SMN emiti\u00f3 un alerta rojo para el Departamento Paran\u00e1 para este martes con la posibilidad de que las lluvias avancen sobre la ma\u00f1ana y la tarde de este martes. La m\u00e1xima llegar\u00e1 a los 35 grados y las condiciones inestables van a continuar al menos hasta el jueves seg\u00fan el pron\u00f3stico extendido.<\/p>\n","protected":false},"excerpt":{"rendered":"<p>El SMN emiti\u00f3 un aviso a corto plazo para los Departamentos Diamante, Victoria y Nogoy\u00e1. En Paran\u00e1 rige un alerta amarillo y se esperan lluvias &nbsp; &nbsp; El Servicio Meteorol\u00f3gico Nacional emiti\u00f3 un alerta por fuertes tormentas para los Departamentos Diamante, Nogoy\u00e1 y Victoria para las pr\u00f3ximas horas. El \u00e1rea ser\u00e1 afectada por tormentas aisladas, algunas localmente fuertes. Las mismas estar\u00e1n acompa\u00f1adas por abundante ca\u00edda de agua en cortos per\u00edodos, fuerte actividad el\u00e9ctrica, ocasional granizo y r\u00e1fagas que podr\u00edan alcanzar los 80 km\/h. Se prev\u00e9n valores de precipitaci\u00f3n acumulada entre&#8230;<\/p>\n","protected":false},"author":3,"featured_media":124637,"comment_status":"closed","ping_status":"closed","sticky":false,"template":"","format":"standard","meta":[],"categories":[15],"tags":[],"_links":{"self":[{"href":"https:\/\/www.actualidadadiario.com\/index.php\/wp-json\/wp\/v2\/posts\/125412"}],"collection":[{"href":"https:\/\/www.actualidadadiario.com\/index.php\/wp-json\/wp\/v2\/posts"}],"about":[{"href":"https:\/\/www.actualidadadiario.com\/index.php\/wp-json\/wp\/v2\/types\/post"}],"author":[{"embeddable":true,"href":"https:\/\/www.actualidadadiario.com\/index.php\/wp-json\/wp\/v2\/users\/3"}],"replies":[{"embeddable":true,"href":"https:\/\/www.actualidadadiario.com\/index.php\/wp-json\/wp\/v2\/comments?post=125412"}],"version-history":[{"count":1,"href":"https:\/\/www.actualidadadiario.com\/index.php\/wp-json\/wp\/v2\/posts\/125412\/revisions"}],"predecessor-version":[{"id":125413,"href":"https:\/\/www.actualidadadiario.com\/index.php\/wp-json\/wp\/v2\/posts\/125412\/revisions\/125413"}],"wp:featuredmedia":[{"embeddable":true,"href":"https:\/\/www.actualidadadiario.com\/index.php\/wp-json\/wp\/v2\/media\/124637"}],"wp:attachment":[{"href":"https:\/\/www.actualidadadiario.com\/index.php\/wp-json\/wp\/v2\/media?parent=125412"}],"wp:term":[{"taxonomy":"category","embeddable":true,"href":"https:\/\/www.actualidadadiario.com\/index.php\/wp-json\/wp\/v2\/categories?post=125412"},{"taxonomy":"post_tag","embeddable":true,"href":"https:\/\/www.actualidadadiario.com\/index.php\/wp-json\/wp\/v2\/tags?post=125412"}],"curies":[{"name":"wp","href":"https:\/\/api.w.org\/{rel}","templated":true}]}}