{"id":125410,"date":"2025-02-25T09:54:31","date_gmt":"2025-02-25T12:54:31","guid":{"rendered":"https:\/\/www.actualidadadiario.com\/?p=125410"},"modified":"2025-02-25T09:54:31","modified_gmt":"2025-02-25T12:54:31","slug":"agmer-contra-las-declaraciones-juradas-que-instrumenta-el-cge","status":"publish","type":"post","link":"https:\/\/www.actualidadadiario.com\/index.php\/2025\/02\/25\/agmer-contra-las-declaraciones-juradas-que-instrumenta-el-cge\/","title":{"rendered":"AGMER, contra las declaraciones juradas que instrumenta el CGE"},"content":{"rendered":"<p style=\"text-align: center;\"><em><strong>A trav\u00e9s de un comunicado, la representaci\u00f3n de los trabajadores de la Educaci\u00f3n en el Consejo General de Educaci\u00f3n (CGE) por la Asociaci\u00f3n Gremial del Magisterio de Entre R\u00edos (AGMER), se refiri\u00f3 a la instrumentaci\u00f3n de las denominadas \u201cDeclaraciones Juradas\u201d que deben completarse v\u00eda Sistema de Administraci\u00f3n de la Gesti\u00f3n Educativa (SAGE)<\/strong><\/em><\/p>\n<p>&nbsp;<\/p>\n<p>&nbsp;<\/p>\n<p>Afirmaron, en un comunicado, que se trata \u201cde pr\u00e1cticas de hostigamiento, presiones y sumarios a las y los directivos y supervisores que se negaron a cargar los paros durante el 2024\u201d.<\/p>\n<p>&nbsp;<\/p>\n<p><strong>A continuaci\u00f3n, el texto completo de repudio a tal pr\u00e1ctica:<\/strong><\/p>\n<p><em>\u201cExpresamos el m\u00e1s en\u00e9rgico repudio a la patronal del Consejo General de Educaci\u00f3n y al gobierno de la provincia, por la instrumentaci\u00f3n de pr\u00e1cticas de hostigamiento, presiones y sumarios a las y los directivos y supervisores, que se negaron a cargar los paros durante el 2024.<\/em><\/p>\n<p><em>Esto constituye una muestra m\u00e1s de las practicas persecutorias y antisindicales de la patronal. El ejercicio del derecho a huelga, adem\u00e1s de un derecho consagrado en la Constituci\u00f3n Nacional es un derecho inalienable de la clase trabajadora.<\/em><\/p>\n<p><em>Reiteradas veces hemos demostrado que el paro es un derecho y como tal, no puede ser un requerimiento la informaci\u00f3n y carga que se exige a los equipos directivos sobre el relevamiento de las y los docentes adheridos a las medidas de fuerza declaradas por los sindicatos docentes, esta exigencia es una pr\u00e1ctica de persecuci\u00f3n al ejercicio de un derecho que tiene garant\u00edas, m\u00e1xime cuando la pol\u00edtica de persecuci\u00f3n se convierte en sancionatoria.<\/em><\/p>\n<p><em>Las cargas y constataciones ser\u00e1n obligaci\u00f3n de los cargos pol\u00edticos que no concursan, no son electos siendo designados de forma directa y \u00faltimamente ni siquiera cumplen los requisitos de las leyes para acceder a los cargos que detentan.<\/em><\/p>\n<p><em>Esta actitud se enmarca claramente en persecuci\u00f3n sindical laboral, es una conducta que atenta contra la libertad de las y los trabajadores y genera un ambiente laboral opresivo, vulnerando derechos laborales, precarizando las condiciones de trabajo y quebrantando la democracia del sistema educativo.<\/em><\/p>\n<p><em>Con diferentes metodolog\u00edas el gobierno del gobernador Frigerio y sus funcionarios despliegan actos permanentes de presi\u00f3n, hostigamiento y, ahora, pr\u00e1cticas sancionatorias.<\/em><\/p>\n<p><em>La Representaci\u00f3n de las y los Trabajadores de la Educaci\u00f3n en el CGE, electos de forma directa por los educadores, defenderemos la posici\u00f3n de los equipos de conducci\u00f3n directiva y de los supervisores en todos los estamentos de los cuales somos parte y, como lo determina el Estatuto del Docente Entrerriano -Decreto Ley 155\/62- y la Ley Provincial de Educaci\u00f3n N\u00ba 9.890, entendiendo que nos asiste, adem\u00e1s de la raz\u00f3n, el derecho, las normas provinciales, nacionales e internacionales de garant\u00edas sindicales y sobre todo el hecho de ser trabajadoras y trabajadores del conocimiento, plenamente conscientes de que la lucha por las mejoras en las condiciones son derechos arrancados y nunca mendigados.<\/em><\/p>\n<p><em>Estaremos codo a codo en esta lucha, construyendo conciencia y fortaleza, para defender los roles que el sistema p\u00fablico de educaci\u00f3n requiere en este tiempo; defendiendo la carrera docente y construyendo Soberan\u00eda Pedag\u00f3gica, para desterrar esta injusticia, ya que la raz\u00f3n vence siempre sobre la fuerza\u201d.<\/em><\/p>\n","protected":false},"excerpt":{"rendered":"<p>A trav\u00e9s de un comunicado, la representaci\u00f3n de los trabajadores de la Educaci\u00f3n en el Consejo General de Educaci\u00f3n (CGE) por la Asociaci\u00f3n Gremial del Magisterio de Entre R\u00edos (AGMER), se refiri\u00f3 a la instrumentaci\u00f3n de las denominadas \u201cDeclaraciones Juradas\u201d que deben completarse v\u00eda Sistema de Administraci\u00f3n de la Gesti\u00f3n Educativa (SAGE) &nbsp; &nbsp; Afirmaron, en un comunicado, que se trata \u201cde pr\u00e1cticas de hostigamiento, presiones y sumarios a las y los directivos y supervisores que se negaron a cargar los paros durante el 2024\u201d. &nbsp; A continuaci\u00f3n, el texto&#8230;<\/p>\n","protected":false},"author":3,"featured_media":120755,"comment_status":"closed","ping_status":"closed","sticky":false,"template":"","format":"standard","meta":[],"categories":[15],"tags":[],"_links":{"self":[{"href":"https:\/\/www.actualidadadiario.com\/index.php\/wp-json\/wp\/v2\/posts\/125410"}],"collection":[{"href":"https:\/\/www.actualidadadiario.com\/index.php\/wp-json\/wp\/v2\/posts"}],"about":[{"href":"https:\/\/www.actualidadadiario.com\/index.php\/wp-json\/wp\/v2\/types\/post"}],"author":[{"embeddable":true,"href":"https:\/\/www.actualidadadiario.com\/index.php\/wp-json\/wp\/v2\/users\/3"}],"replies":[{"embeddable":true,"href":"https:\/\/www.actualidadadiario.com\/index.php\/wp-json\/wp\/v2\/comments?post=125410"}],"version-history":[{"count":1,"href":"https:\/\/www.actualidadadiario.com\/index.php\/wp-json\/wp\/v2\/posts\/125410\/revisions"}],"predecessor-version":[{"id":125411,"href":"https:\/\/www.actualidadadiario.com\/index.php\/wp-json\/wp\/v2\/posts\/125410\/revisions\/125411"}],"wp:featuredmedia":[{"embeddable":true,"href":"https:\/\/www.actualidadadiario.com\/index.php\/wp-json\/wp\/v2\/media\/120755"}],"wp:attachment":[{"href":"https:\/\/www.actualidadadiario.com\/index.php\/wp-json\/wp\/v2\/media?parent=125410"}],"wp:term":[{"taxonomy":"category","embeddable":true,"href":"https:\/\/www.actualidadadiario.com\/index.php\/wp-json\/wp\/v2\/categories?post=125410"},{"taxonomy":"post_tag","embeddable":true,"href":"https:\/\/www.actualidadadiario.com\/index.php\/wp-json\/wp\/v2\/tags?post=125410"}],"curies":[{"name":"wp","href":"https:\/\/api.w.org\/{rel}","templated":true}]}}