{"id":125408,"date":"2025-02-25T09:53:47","date_gmt":"2025-02-25T12:53:47","guid":{"rendered":"https:\/\/www.actualidadadiario.com\/?p=125408"},"modified":"2025-02-25T09:53:47","modified_gmt":"2025-02-25T12:53:47","slug":"federacion-refuerza-su-presencia-a-nivel-nacional-con-una-fuerte-promocion-turistica","status":"publish","type":"post","link":"https:\/\/www.actualidadadiario.com\/index.php\/2025\/02\/25\/federacion-refuerza-su-presencia-a-nivel-nacional-con-una-fuerte-promocion-turistica\/","title":{"rendered":"Federaci\u00f3n refuerza su presencia a nivel nacional con una fuerte promoci\u00f3n tur\u00edstica"},"content":{"rendered":"<p style=\"text-align: center;\"><strong><em>El material grabado en Federaci\u00f3n ser\u00e1 emitido el domingo 2 de marzo a las 10 horas y contar\u00e1 con entrevistas al Secretario de Turismo, Ezequiel Marozzini, al Intendente Ricardo Bravo y a turistas que disfrutan de los servicios que ofrece la ciudad<\/em><\/strong><\/p>\n<p>&nbsp;<\/p>\n<p>&nbsp;<\/p>\n<p><strong>Promoci\u00f3n en Mar del Plata y la Costa Atl\u00e1ntica<\/strong><\/p>\n<p>&nbsp;<\/p>\n<p>En el marco de una nueva campa\u00f1a de difusi\u00f3n, una delegaci\u00f3n de la Subsecretar\u00eda de Turismo de Federaci\u00f3n viajar\u00e1 a Mar del Plata y otras localidades de la Costa Atl\u00e1ntica para promocionar el destino entrerriano de cara a Semana Santa y la temporada venidera.<\/p>\n<p>Esta acci\u00f3n promocional se desarrollar\u00e1 durante tres d\u00edas, del mi\u00e9rcoles 26 al viernes 28 de febrero, y tendr\u00e1 como objetivo invitar tanto a los marplatenses como a los turistas que visitan la ciudad balnearia a conocer Federaci\u00f3n y sus m\u00faltiples atractivos.<\/p>\n<p>El equipo de promotores recorrer\u00e1 las playas Varese, Bristol y Grande, realizando una promoci\u00f3n directa, con entrega de material informativo provisto por la Secretar\u00eda de Turismo y el sector privado. Adem\u00e1s, la campa\u00f1a contar\u00e1 con cobertura medi\u00e1tica a trav\u00e9s de entrevistas en los canales 8 y 10 de Mar del Plata. Tambi\u00e9n se llevar\u00e1n a cabo actividades en las principales arterias comerciales de la ciudad, incluyendo la peatonal San Mart\u00edn y otros espacios de gran concurrencia.<\/p>\n<p>Con estas acciones, Federaci\u00f3n sigue consolid\u00e1ndose como un destino tur\u00edstico de referencia, apostando a una fuerte visibilidad en los principales centros tur\u00edsticos del pa\u00eds.<\/p>\n","protected":false},"excerpt":{"rendered":"<p>El material grabado en Federaci\u00f3n ser\u00e1 emitido el domingo 2 de marzo a las 10 horas y contar\u00e1 con entrevistas al Secretario de Turismo, Ezequiel Marozzini, al Intendente Ricardo Bravo y a turistas que disfrutan de los servicios que ofrece la ciudad &nbsp; &nbsp; Promoci\u00f3n en Mar del Plata y la Costa Atl\u00e1ntica &nbsp; En el marco de una nueva campa\u00f1a de difusi\u00f3n, una delegaci\u00f3n de la Subsecretar\u00eda de Turismo de Federaci\u00f3n viajar\u00e1 a Mar del Plata y otras localidades de la Costa Atl\u00e1ntica para promocionar el destino entrerriano de&#8230;<\/p>\n","protected":false},"author":3,"featured_media":81984,"comment_status":"closed","ping_status":"closed","sticky":false,"template":"","format":"standard","meta":[],"categories":[15],"tags":[],"_links":{"self":[{"href":"https:\/\/www.actualidadadiario.com\/index.php\/wp-json\/wp\/v2\/posts\/125408"}],"collection":[{"href":"https:\/\/www.actualidadadiario.com\/index.php\/wp-json\/wp\/v2\/posts"}],"about":[{"href":"https:\/\/www.actualidadadiario.com\/index.php\/wp-json\/wp\/v2\/types\/post"}],"author":[{"embeddable":true,"href":"https:\/\/www.actualidadadiario.com\/index.php\/wp-json\/wp\/v2\/users\/3"}],"replies":[{"embeddable":true,"href":"https:\/\/www.actualidadadiario.com\/index.php\/wp-json\/wp\/v2\/comments?post=125408"}],"version-history":[{"count":1,"href":"https:\/\/www.actualidadadiario.com\/index.php\/wp-json\/wp\/v2\/posts\/125408\/revisions"}],"predecessor-version":[{"id":125409,"href":"https:\/\/www.actualidadadiario.com\/index.php\/wp-json\/wp\/v2\/posts\/125408\/revisions\/125409"}],"wp:featuredmedia":[{"embeddable":true,"href":"https:\/\/www.actualidadadiario.com\/index.php\/wp-json\/wp\/v2\/media\/81984"}],"wp:attachment":[{"href":"https:\/\/www.actualidadadiario.com\/index.php\/wp-json\/wp\/v2\/media?parent=125408"}],"wp:term":[{"taxonomy":"category","embeddable":true,"href":"https:\/\/www.actualidadadiario.com\/index.php\/wp-json\/wp\/v2\/categories?post=125408"},{"taxonomy":"post_tag","embeddable":true,"href":"https:\/\/www.actualidadadiario.com\/index.php\/wp-json\/wp\/v2\/tags?post=125408"}],"curies":[{"name":"wp","href":"https:\/\/api.w.org\/{rel}","templated":true}]}}