{"id":125400,"date":"2025-02-26T09:50:34","date_gmt":"2025-02-26T12:50:34","guid":{"rendered":"https:\/\/www.actualidadadiario.com\/?p=125400"},"modified":"2025-02-26T10:51:29","modified_gmt":"2025-02-26T13:51:29","slug":"el-epre-dejo-sin-efecto-el-aumento-trimestral","status":"publish","type":"post","link":"https:\/\/www.actualidadadiario.com\/index.php\/2025\/02\/26\/el-epre-dejo-sin-efecto-el-aumento-trimestral\/","title":{"rendered":"El EPRE dej\u00f3 sin efecto el aumento trimestral"},"content":{"rendered":"<p style=\"text-align: center;\"><em><strong>El Ente Provincial Regulador de la Energ\u00eda (EPRE) dej\u00f3 sin efecto un cuadro tarifario del servicio el\u00e9ctrico con vigencia para el trimestre febrero-marzo-abril a apenas tres d\u00edas de haberlo hecho p\u00fablico<\/strong><\/em><\/p>\n<p>&nbsp;<\/p>\n<p>&nbsp;<\/p>\n<p>El martes 18, el Ente Regulador public\u00f3 la resoluci\u00f3n N\u00ba27 que dispuso el traslado a los usuarios de aumentos producidos en el mercado mayorista el\u00e9ctrico, y de ese modo recept\u00f3 un pedido de la distribuidora Energ\u00eda Entre R\u00edos SA (EPRE).<\/p>\n<p>Pero el viernes 21 volvi\u00f3 sobre sus pasos y dej\u00f3 \u201csin efecto y validez los cuadros tarifarios de los Anexos I, II y III de la resoluci\u00f3n EPRE N\u00b027 del 18 de febrero de 2025, para los meses de febrero, marzo y abril de 2025 respectivamente, por lo motivos y fundamentos explicitados en los considerandos de la presente\u201d. Y dej\u00f3 vigente el cuadro tarifario aprobado para el mismo trimestre a trav\u00e9s de la resoluci\u00f3n N\u00ba215 el 4 de noviembre \u00faltimo.<\/p>\n<p>&nbsp;<\/p>\n<p><strong>\u201cSuspensi\u00f3n transitoria y excepcional\u201d<\/strong><\/p>\n<p>La marca atr\u00e1s del organismo que conduce Juan Domingo Zacar\u00edas se dio a partir del dictado de la resoluci\u00f3n N\u00b058, del 20 de febrero, por parte de la Secretar\u00eda de Energ\u00eda de Entre R\u00edos, que dispuso, ad refer\u00e9ndum del Poder Ejecutivo Provincial, \u201cla suspensi\u00f3n transitoria y excepcional a partir del 1\u00b0 de febrero y hasta el 30 de abril de 2025, del traslado a los usuarios finales del servicio el\u00e9ctrico en la Provincia de Entre R\u00edos, de los incrementos del costo mayorista de energ\u00eda, potencia y transporte y de la reducci\u00f3n de subsidios para los consumos base de los usuarios categorizados en el Nivel 2- Bajos Ingresos y Nivel 3 \u2013 Ingresos Medios establecidos por el Gobierno Nacional\u201d.<\/p>\n<p>A trav\u00e9s de la resoluci\u00f3n N\u00b027, dictada el martes 18, el Ente Regulador hab\u00eda aprobado los nuevos valores del cuadro tarifario para los meses de febrero, marzo y abril de 2025, en atenci\u00f3n a los nuevos valores dispuestos por la Secretar\u00eda de Energ\u00eda del a Naci\u00f3n el 31 de enero \u00faltimo.<\/p>\n<p>&nbsp;<\/p>\n<p><strong>Escenario actual<\/strong><\/p>\n<p>\u201cDisponer que la vigencia del cuadro tarifario aprobado por la presente resoluci\u00f3n queda condicionado a que no se produzcan nuevas modificaciones en los precios mayoristas de energ\u00eda, potencia y\/o transporte en el Mercado El\u00e9ctrico Mayorista (MEM) por parte de la Secretar\u00eda de Energ\u00eda El\u00e9ctrica de la Naci\u00f3n, en cuyo caso podr\u00e1n las Distribuidoras presentar a este Ente para su an\u00e1lisis y aprobaci\u00f3n los nuevos valores del cuadro tarifario\u201d, dice la resoluci\u00f3n que firm\u00f3 el interventor del EPRE, Juan Domingo Zacar\u00edas.<\/p>\n<p>A fines de enero, el Gobierno nacional oficializ\u00f3 en el Bolet\u00edn Oficial el nuevo precio mayorista y tambi\u00e9n actualiz\u00f3 los precios del transporte de la electricidad.<\/p>\n<p>Adem\u00e1s, tambi\u00e9n autoriz\u00f3 un incremento en el Valor Agregado de Distribuci\u00f3n (el tercer componente de la tarifa) para las empresas Edenor y Edesur (que brindan el servicio en el \u00e1rea metropolitana de Buenos Aires).<\/p>\n<p>De acuerdo con las estimaciones oficiales, estos incrementos se traducir\u00e1n en subas promedio del 1,5% para los consumos de febrero de 2025, que impactar\u00e1n en las facturas que llegar\u00e1n a los hogares en marzo. No obstante, el aumento ser\u00e1 del 2% para aquellos usuarios con subsidios, a ra\u00edz del recorte del beneficio.<\/p>\n","protected":false},"excerpt":{"rendered":"<p>El Ente Provincial Regulador de la Energ\u00eda (EPRE) dej\u00f3 sin efecto un cuadro tarifario del servicio el\u00e9ctrico con vigencia para el trimestre febrero-marzo-abril a apenas tres d\u00edas de haberlo hecho p\u00fablico &nbsp; &nbsp; El martes 18, el Ente Regulador public\u00f3 la resoluci\u00f3n N\u00ba27 que dispuso el traslado a los usuarios de aumentos producidos en el mercado mayorista el\u00e9ctrico, y de ese modo recept\u00f3 un pedido de la distribuidora Energ\u00eda Entre R\u00edos SA (EPRE). Pero el viernes 21 volvi\u00f3 sobre sus pasos y dej\u00f3 \u201csin efecto y validez los cuadros tarifarios&#8230;<\/p>\n","protected":false},"author":3,"featured_media":90540,"comment_status":"closed","ping_status":"closed","sticky":false,"template":"","format":"standard","meta":[],"categories":[9],"tags":[],"_links":{"self":[{"href":"https:\/\/www.actualidadadiario.com\/index.php\/wp-json\/wp\/v2\/posts\/125400"}],"collection":[{"href":"https:\/\/www.actualidadadiario.com\/index.php\/wp-json\/wp\/v2\/posts"}],"about":[{"href":"https:\/\/www.actualidadadiario.com\/index.php\/wp-json\/wp\/v2\/types\/post"}],"author":[{"embeddable":true,"href":"https:\/\/www.actualidadadiario.com\/index.php\/wp-json\/wp\/v2\/users\/3"}],"replies":[{"embeddable":true,"href":"https:\/\/www.actualidadadiario.com\/index.php\/wp-json\/wp\/v2\/comments?post=125400"}],"version-history":[{"count":1,"href":"https:\/\/www.actualidadadiario.com\/index.php\/wp-json\/wp\/v2\/posts\/125400\/revisions"}],"predecessor-version":[{"id":125401,"href":"https:\/\/www.actualidadadiario.com\/index.php\/wp-json\/wp\/v2\/posts\/125400\/revisions\/125401"}],"wp:featuredmedia":[{"embeddable":true,"href":"https:\/\/www.actualidadadiario.com\/index.php\/wp-json\/wp\/v2\/media\/90540"}],"wp:attachment":[{"href":"https:\/\/www.actualidadadiario.com\/index.php\/wp-json\/wp\/v2\/media?parent=125400"}],"wp:term":[{"taxonomy":"category","embeddable":true,"href":"https:\/\/www.actualidadadiario.com\/index.php\/wp-json\/wp\/v2\/categories?post=125400"},{"taxonomy":"post_tag","embeddable":true,"href":"https:\/\/www.actualidadadiario.com\/index.php\/wp-json\/wp\/v2\/tags?post=125400"}],"curies":[{"name":"wp","href":"https:\/\/api.w.org\/{rel}","templated":true}]}}