{"id":125395,"date":"2025-02-21T15:12:38","date_gmt":"2025-02-21T18:12:38","guid":{"rendered":"https:\/\/www.actualidadadiario.com\/?p=125395"},"modified":"2025-02-21T15:12:38","modified_gmt":"2025-02-21T18:12:38","slug":"mujica-recibio-a-cristina-vino-a-despedirse-de-un-viejo-amigo","status":"publish","type":"post","link":"https:\/\/www.actualidadadiario.com\/index.php\/2025\/02\/21\/mujica-recibio-a-cristina-vino-a-despedirse-de-un-viejo-amigo\/","title":{"rendered":"Mujica recibi\u00f3 a Cristina: &#8220;Vino a despedirse de un viejo amigo&#8221;"},"content":{"rendered":"<p style=\"text-align: center;\"><em><strong>El expresidente de la Rep\u00fablica recibi\u00f3 en el quincho de Varela a la exmandataria argentina, en el marco de las reuniones con l\u00edderes regionales que ha comenzado a tener desde el agravamiento de su salud<\/strong><\/em><\/p>\n<p>&nbsp;<\/p>\n<p>&nbsp;<\/p>\n<p>El expresidente Jos\u00e9 Mujica recibi\u00f3 a su par argentina Cristina Fern\u00e1ndez de Kirchner en lo que fue, seg\u00fan defini\u00f3 el exmandatario, \u201cun encuentro de dos viejos amigos en tono de despedida\u201d, tal como viene ocurriendo desde que anunci\u00f3 el agravamiento de su c\u00e1ncer de es\u00f3fago diagnosticado en abril del a\u00f1o pasado.<\/p>\n<p>Mujica defini\u00f3 a la charla, que tuvo lugar en el Quincho de Varela y dur\u00f3 cerca de una hora, como \u201c\u00edntima\u201d y, si bien no brind\u00f3 mayores precisiones, cont\u00f3 que adem\u00e1s del tono personal tambi\u00e9n prim\u00f3 el an\u00e1lisis y debate sobre la actualidad pol\u00edtica en Argentina y en la regi\u00f3n.<\/p>\n<p>&#8220;Hablamos un poco de lo que pas\u00f3 con (Javier) Milei y el efecto que tendr\u00e1 la presidencia de Donald Trump en Am\u00e9rica Latina&#8221;, coment\u00f3 por tel\u00e9fono. El l\u00edder del Frente Amplio (FA) se refer\u00eda as\u00ed al esc\u00e1ndalo con la criptomoneda $Libra por el que el presidente argentino enfrenta varios pedidos de juicio pol\u00edtico y acusaciones penales, incluso en Nueva York.<\/p>\n<p>Es la primera vez que la expresidenta argentina visita la chacra de Mujica y Luc\u00eda Topolansky, a quienes les llev\u00f3 de regalo libros de Roberto Arlt y Julio Cort\u00e1zar.<\/p>\n<p>&#8220;Se llaman liberales y de liberales no tienen ni un moco&#8221;, hab\u00eda sentenciado a inicios de mes en su columna radial. &#8220;Lo que est\u00e1n haciendo ahora, de reducir el liberalismo a una mera cuesti\u00f3n de mercado, es pisotear la historia ideol\u00f3gica del verdadero liberalismo&#8221;, opin\u00f3 sobre Milei y Trump.<\/p>\n<p>El encuentro entre los dos expresidentes fue gestionado por un miembro del entorno del frenteamplista y el senador argentino, Wado de Pedro, quien en octubre y noviembre pasados fue parte de los invitados internacionales al comando electoral de Yamand\u00fa Orsi.<\/p>\n<p>Cabe recordar que la relaci\u00f3n entre el expresidente y la exmandataria argentina si bien es de buena sinton\u00eda, no ha estado exenta de momentos de ciertas desavenencias. La \u00faltima de ellas ocurri\u00f3 dos meses atr\u00e1s cuando Mujica, en una entrevista con la agencia francesa AFP luego del triunfo electoral de Orsi, se refiri\u00f3 a la peronista como una persona que disfruta del poder. &#8220;En lugar de ponerse de vieja consejera y dejar nuevas generaciones, no, est\u00e1 jodiendo ah\u00ed. \u00a1C\u00f3mo les cuesta largar el pastel!\u201d, afirm\u00f3 para, d\u00edas despu\u00e9s, reconocer que hab\u00eda sido un exabrupto.<\/p>\n<p>El l\u00edder frenteamplista anunci\u00f3 a inicios de enero que se est\u00e1 &#8220;muriendo&#8221; como consecuencia de una expansi\u00f3n al h\u00edgado del c\u00e1ncer de es\u00f3fago detectado en abril pasado. Desde entonces, disminuy\u00f3 su exposici\u00f3n p\u00fablica e inici\u00f3 lo que defini\u00f3 como una &#8220;despedida de la barra y los amigos&#8221;, con encuentros en su casa como los que tuvo con el humorista argentino Luis Landriscina o el presidente chileno, Gabriel Boric.<\/p>\n","protected":false},"excerpt":{"rendered":"<p>El expresidente de la Rep\u00fablica recibi\u00f3 en el quincho de Varela a la exmandataria argentina, en el marco de las reuniones con l\u00edderes regionales que ha comenzado a tener desde el agravamiento de su salud &nbsp; &nbsp; El expresidente Jos\u00e9 Mujica recibi\u00f3 a su par argentina Cristina Fern\u00e1ndez de Kirchner en lo que fue, seg\u00fan defini\u00f3 el exmandatario, \u201cun encuentro de dos viejos amigos en tono de despedida\u201d, tal como viene ocurriendo desde que anunci\u00f3 el agravamiento de su c\u00e1ncer de es\u00f3fago diagnosticado en abril del a\u00f1o pasado. Mujica defini\u00f3&#8230;<\/p>\n","protected":false},"author":3,"featured_media":125396,"comment_status":"closed","ping_status":"closed","sticky":false,"template":"","format":"standard","meta":[],"categories":[18],"tags":[],"_links":{"self":[{"href":"https:\/\/www.actualidadadiario.com\/index.php\/wp-json\/wp\/v2\/posts\/125395"}],"collection":[{"href":"https:\/\/www.actualidadadiario.com\/index.php\/wp-json\/wp\/v2\/posts"}],"about":[{"href":"https:\/\/www.actualidadadiario.com\/index.php\/wp-json\/wp\/v2\/types\/post"}],"author":[{"embeddable":true,"href":"https:\/\/www.actualidadadiario.com\/index.php\/wp-json\/wp\/v2\/users\/3"}],"replies":[{"embeddable":true,"href":"https:\/\/www.actualidadadiario.com\/index.php\/wp-json\/wp\/v2\/comments?post=125395"}],"version-history":[{"count":1,"href":"https:\/\/www.actualidadadiario.com\/index.php\/wp-json\/wp\/v2\/posts\/125395\/revisions"}],"predecessor-version":[{"id":125397,"href":"https:\/\/www.actualidadadiario.com\/index.php\/wp-json\/wp\/v2\/posts\/125395\/revisions\/125397"}],"wp:featuredmedia":[{"embeddable":true,"href":"https:\/\/www.actualidadadiario.com\/index.php\/wp-json\/wp\/v2\/media\/125396"}],"wp:attachment":[{"href":"https:\/\/www.actualidadadiario.com\/index.php\/wp-json\/wp\/v2\/media?parent=125395"}],"wp:term":[{"taxonomy":"category","embeddable":true,"href":"https:\/\/www.actualidadadiario.com\/index.php\/wp-json\/wp\/v2\/categories?post=125395"},{"taxonomy":"post_tag","embeddable":true,"href":"https:\/\/www.actualidadadiario.com\/index.php\/wp-json\/wp\/v2\/tags?post=125395"}],"curies":[{"name":"wp","href":"https:\/\/api.w.org\/{rel}","templated":true}]}}