{"id":125393,"date":"2025-02-21T15:11:25","date_gmt":"2025-02-21T18:11:25","guid":{"rendered":"https:\/\/www.actualidadadiario.com\/?p=125393"},"modified":"2025-02-21T15:11:25","modified_gmt":"2025-02-21T18:11:25","slug":"suspension-de-las-paso-asi-queda-el-nuevo-calendario-electoral","status":"publish","type":"post","link":"https:\/\/www.actualidadadiario.com\/index.php\/2025\/02\/21\/suspension-de-las-paso-asi-queda-el-nuevo-calendario-electoral\/","title":{"rendered":"Suspensi\u00f3n de las PASO: As\u00ed queda el nuevo calendario electoral"},"content":{"rendered":"<p style=\"text-align: center;\"><em><strong>El Senado aprob\u00f3 la suspensi\u00f3n de las PASO y modific\u00f3 el cronograma electoral de 2025. Conoce las nuevas fechas clave para las elecciones nacionales<\/strong><\/em><\/p>\n<p>&nbsp;<\/p>\n<p>&nbsp;<\/p>\n<p>La reciente reforma electoral que suspende las PASO de 2025 gener\u00f3 un cambio sustancial en el calendario electoral nacional. Con el respaldo clave del Congreso y el apoyo de los gobernadores, el oficialismo logr\u00f3 modificar el cronograma electoral.<\/p>\n<p>Sin embargo, a\u00fan queda por definir si la provincia de Buenos Aires, gobernada por Axel Kicillof, desdoblar\u00e1 sus elecciones. A continuaci\u00f3n, te presentamos c\u00f3mo qued\u00f3 el nuevo itinerario electoral y qu\u00e9 significan estos cambios.<\/p>\n<p>&nbsp;<\/p>\n<p><strong>Nuevas fechas clave del calendario electoral<\/strong><\/p>\n<p>El Congreso aprob\u00f3 un calendario revisado para las elecciones nacionales, donde varias fechas clave fueron confirmadas, aunque algunas cuestiones de forma permanecen intactas. A continuaci\u00f3n, te presentamos las fechas fundamentales de los comicios legislativos 2025:<\/p>\n<ul>\n<li><strong>29 de abril:<\/strong> Cierre del padr\u00f3n provisorio y fecha l\u00edmite para la inclusi\u00f3n de novedades registrales, como bajas por defunciones, inhabilitaciones y cambios de domicilios.<\/li>\n<li><strong>9 de mayo:<\/strong> Publicaci\u00f3n del padr\u00f3n provisorio.<\/li>\n<li><strong>24 de mayo:<\/strong> Fin del plazo para que los electores reclamen datos incorrectos y soliciten la eliminaci\u00f3n de fallecidos en el padr\u00f3n.<\/li>\n<li><strong>7 de agosto:<\/strong> Fin del plazo para solicitar reconocimiento de alianzas y confederaciones.<\/li>\n<li><strong>17 de agosto:<\/strong> Fecha l\u00edmite para presentar listas de candidatos ante las juntas electorales. Adem\u00e1s, comienza la campa\u00f1a electoral, y se presentan los modelos de las boletas \u00fanicas de papel para las elecciones.<\/li>\n<li><strong>1 de septiembre:<\/strong> Audiencia para definir la posici\u00f3n de los candidatos y el formato final de la boleta.<\/li>\n<li><strong>11 de septiembre:<\/strong> Inicio de la campa\u00f1a en medios audiovisuales.<\/li>\n<li><strong>24 de octubre:<\/strong> Fin de la campa\u00f1a en medios y comienzo de la veda electoral.<\/li>\n<li><strong>26 de octubre:<\/strong> Elecciones legislativas.<\/li>\n<li><strong>28 de octubre:<\/strong> Inicia el escrutinio definitivo tras el recuento provisional de votos.<\/li>\n<li><strong>10 de diciembre:<\/strong> Comienzo del mandato de los nuevos legisladores.<\/li>\n<\/ul>\n<p>&nbsp;<\/p>\n<p><strong>El respaldo pol\u00edtico y las tensiones internas<\/strong><\/p>\n<p>El Senado aprob\u00f3 la ley que suspende las PASO, con 43 votos a favor, 20 en contra y 6 abstenciones. Este apoyo se dio gracias al respaldo de los gobernadores, que jugaron un papel fundamental en el proceso. Sin embargo, la reforma no estuvo exenta de tensiones, especialmente dentro de la oposici\u00f3n. A pesar de la victoria pol\u00edtica del gobierno de Javier Milei, las divisiones internas del peronismo y la controversia por el esc\u00e1ndalo de la criptomoneda $LIBRA fueron puntos clave que marcaron la sesi\u00f3n.<\/p>\n<p>&nbsp;<\/p>\n<p><strong>\u00bfQu\u00e9 pasar\u00e1 con las elecciones en Buenos Aires?<\/strong><\/p>\n<p>Uno de los puntos m\u00e1s inciertos del calendario electoral es lo que suceder\u00e1 en la provincia de Buenos Aires. El gobernador Axel Kicillof mantiene en suspenso la posibilidad de desdoblar las elecciones provinciales, lo que podr\u00eda generar un escenario pol\u00edtico complejo. A pesar de que no se ha tomado una decisi\u00f3n final, la duda sobre un posible desdoblamiento electoral sigue vigente.<\/p>\n<p>El cronograma electoral 2025 ha sido modificado con la suspensi\u00f3n de las PASO, y los nuevos plazos marcan el ritmo de la pol\u00edtica nacional. A medida que se acercan las elecciones legislativas, el pa\u00eds se enfrenta a una campa\u00f1a electoral marcada por la novedad de la Boleta \u00danica de Papel y una pol\u00edtica cargada de incertidumbre, especialmente en la provincia de Buenos Aires.<\/p>\n","protected":false},"excerpt":{"rendered":"<p>El Senado aprob\u00f3 la suspensi\u00f3n de las PASO y modific\u00f3 el cronograma electoral de 2025. Conoce las nuevas fechas clave para las elecciones nacionales &nbsp; &nbsp; La reciente reforma electoral que suspende las PASO de 2025 gener\u00f3 un cambio sustancial en el calendario electoral nacional. Con el respaldo clave del Congreso y el apoyo de los gobernadores, el oficialismo logr\u00f3 modificar el cronograma electoral. Sin embargo, a\u00fan queda por definir si la provincia de Buenos Aires, gobernada por Axel Kicillof, desdoblar\u00e1 sus elecciones. A continuaci\u00f3n, te presentamos c\u00f3mo qued\u00f3 el&#8230;<\/p>\n","protected":false},"author":3,"featured_media":97764,"comment_status":"closed","ping_status":"closed","sticky":false,"template":"","format":"standard","meta":[],"categories":[9],"tags":[],"_links":{"self":[{"href":"https:\/\/www.actualidadadiario.com\/index.php\/wp-json\/wp\/v2\/posts\/125393"}],"collection":[{"href":"https:\/\/www.actualidadadiario.com\/index.php\/wp-json\/wp\/v2\/posts"}],"about":[{"href":"https:\/\/www.actualidadadiario.com\/index.php\/wp-json\/wp\/v2\/types\/post"}],"author":[{"embeddable":true,"href":"https:\/\/www.actualidadadiario.com\/index.php\/wp-json\/wp\/v2\/users\/3"}],"replies":[{"embeddable":true,"href":"https:\/\/www.actualidadadiario.com\/index.php\/wp-json\/wp\/v2\/comments?post=125393"}],"version-history":[{"count":1,"href":"https:\/\/www.actualidadadiario.com\/index.php\/wp-json\/wp\/v2\/posts\/125393\/revisions"}],"predecessor-version":[{"id":125394,"href":"https:\/\/www.actualidadadiario.com\/index.php\/wp-json\/wp\/v2\/posts\/125393\/revisions\/125394"}],"wp:featuredmedia":[{"embeddable":true,"href":"https:\/\/www.actualidadadiario.com\/index.php\/wp-json\/wp\/v2\/media\/97764"}],"wp:attachment":[{"href":"https:\/\/www.actualidadadiario.com\/index.php\/wp-json\/wp\/v2\/media?parent=125393"}],"wp:term":[{"taxonomy":"category","embeddable":true,"href":"https:\/\/www.actualidadadiario.com\/index.php\/wp-json\/wp\/v2\/categories?post=125393"},{"taxonomy":"post_tag","embeddable":true,"href":"https:\/\/www.actualidadadiario.com\/index.php\/wp-json\/wp\/v2\/tags?post=125393"}],"curies":[{"name":"wp","href":"https:\/\/api.w.org\/{rel}","templated":true}]}}