{"id":125380,"date":"2025-02-21T15:06:09","date_gmt":"2025-02-21T18:06:09","guid":{"rendered":"https:\/\/www.actualidadadiario.com\/?p=125380"},"modified":"2025-02-21T15:06:09","modified_gmt":"2025-02-21T18:06:09","slug":"docentes-confirman-medida-fuerza-para-el-inicio-de-clases-12-provincias-en-conflicto","status":"publish","type":"post","link":"https:\/\/www.actualidadadiario.com\/index.php\/2025\/02\/21\/docentes-confirman-medida-fuerza-para-el-inicio-de-clases-12-provincias-en-conflicto\/","title":{"rendered":"Docentes confirman medida fuerza para el inicio de clases: 12 provincias en conflicto"},"content":{"rendered":"<p style=\"text-align: center;\"><em><strong>Sindicatos docentes agrupados en la Confederaci\u00f3n General del Trabajo (CGT) y la Confederaci\u00f3n de Trabajadores de la Educaci\u00f3n de la Rep\u00fablica Argentina (CTERA) llevar\u00e1n adelante medidas de fuerza<\/strong><\/em><\/p>\n<p>&nbsp;<\/p>\n<p>&nbsp;<\/p>\n<p>Los gremios docentes nucleados en la Confederaci\u00f3n General del Trabajo (CGT) anunciaron un paro nacional para el lunes 24 de febrero y el mi\u00e9rcoles 5 de marzo, fechas de comienzo del ciclo lectivo 2025 en la Ciudad y la provincia de Buenos Aires, lo que pone en peligro el inicio de las clases.<\/p>\n<p>La medida, anunciada este jueves en conferencia de prensa, incluye a la Uni\u00f3n Docentes Argentinos (UDA), la Asociaci\u00f3n Del Magisterio de Ense\u00f1anza T\u00e9cnica (AMET) y la Confederaci\u00f3n de Educadores Argentinos (CEA). Los sindicatos reclaman la reapertura de la paritaria nacional y un incremento del salario m\u00ednimo, que es de $420.000 desde agosto pasado. &#8220;Es un salario que se dio por decreto, que lo impuso el Gobierno nacional sin considerar que apenas asumi\u00f3 produjo una ca\u00edda abrupta del salario. Tampoco se produjo la recuperaci\u00f3n por inflaci\u00f3n, es decir que estamos por debajo de la l\u00ednea de pobreza&#8221;, asegur\u00f3 el secretario general de la CEA, Fabi\u00e1n Felman.<\/p>\n<p>&#8220;No nos queda otro camino. La responsabilidad absoluta es del Gobierno nacional por no dar respuesta ni atender a los justos reclamos que se\u00f1alamos. Anticipamos desde fines del a\u00f1o pasado que nos convocaran con tiempo&#8221;, remarc\u00f3. Agreg\u00f3 que la semana pasada presentaron notas en la Secretar\u00eda de Trabajo y la de Educaci\u00f3n, pero no tuvieron &#8220;absolutamente ninguna respuesta&#8221;.<\/p>\n<p>El secretario general de la UDA, Sergio Romero, se\u00f1al\u00f3 que se hicieron &#8220;gestiones hasta las \u00faltimas horas, pero al Gobierno le gusta m\u00e1s el conflicto que ponerse de acuerdo&#8221;. &#8220;No convocan a la paritaria desde el a\u00f1o pasado. El Gobierno desconoce la negociaci\u00f3n colectiva e hizo cosas muy graves&#8221;, sostuvo. &#8220;Pretenden que las clases arranquen el 24 pero retiraron el Fondo Nacional de Incentivo Docente (FONID), en muchos casos los edificios no est\u00e1n en condiciones y hacen o\u00eddos sordos a nuestros reclamos por la gesti\u00f3n ineficiente. No nos sentimos responsables de esta medida&#8221;, a\u00f1adi\u00f3.<\/p>\n<p>El paro del lunes 24 afectar\u00e1 a la Ciudad de Buenos Aires, C\u00f3rdoba, Chubut, Corrientes, Entre R\u00edos, Formosa, Jujuy, Mendoza, Salta, San Juan, San Luis, Santa Cruz y Santa Fe, mientras que el mi\u00e9rcoles 5 de marzo deben comenzar las clases en todos los niveles de la provincia de Buenos Aires y en el ciclo secundario de la Ciudad.<\/p>\n<p>Esta medida se suma al paro anunciado por el sindicato Ademys, que afectar\u00e1 a la Ciudad de Buenos Aires y tambi\u00e9n se realizar\u00e1 el lunes 24. Por su parte, la Confederaci\u00f3n de Trabajadores de la Educaci\u00f3n (CTERA) realizar\u00e1 un plenario este jueves donde se debatir\u00e1 un plan de lucha y se espera que tambi\u00e9n anuncie medidas de fuerza.<\/p>\n","protected":false},"excerpt":{"rendered":"<p>Sindicatos docentes agrupados en la Confederaci\u00f3n General del Trabajo (CGT) y la Confederaci\u00f3n de Trabajadores de la Educaci\u00f3n de la Rep\u00fablica Argentina (CTERA) llevar\u00e1n adelante medidas de fuerza &nbsp; &nbsp; Los gremios docentes nucleados en la Confederaci\u00f3n General del Trabajo (CGT) anunciaron un paro nacional para el lunes 24 de febrero y el mi\u00e9rcoles 5 de marzo, fechas de comienzo del ciclo lectivo 2025 en la Ciudad y la provincia de Buenos Aires, lo que pone en peligro el inicio de las clases. La medida, anunciada este jueves en conferencia&#8230;<\/p>\n","protected":false},"author":3,"featured_media":41313,"comment_status":"closed","ping_status":"closed","sticky":false,"template":"","format":"standard","meta":[],"categories":[9],"tags":[],"_links":{"self":[{"href":"https:\/\/www.actualidadadiario.com\/index.php\/wp-json\/wp\/v2\/posts\/125380"}],"collection":[{"href":"https:\/\/www.actualidadadiario.com\/index.php\/wp-json\/wp\/v2\/posts"}],"about":[{"href":"https:\/\/www.actualidadadiario.com\/index.php\/wp-json\/wp\/v2\/types\/post"}],"author":[{"embeddable":true,"href":"https:\/\/www.actualidadadiario.com\/index.php\/wp-json\/wp\/v2\/users\/3"}],"replies":[{"embeddable":true,"href":"https:\/\/www.actualidadadiario.com\/index.php\/wp-json\/wp\/v2\/comments?post=125380"}],"version-history":[{"count":1,"href":"https:\/\/www.actualidadadiario.com\/index.php\/wp-json\/wp\/v2\/posts\/125380\/revisions"}],"predecessor-version":[{"id":125381,"href":"https:\/\/www.actualidadadiario.com\/index.php\/wp-json\/wp\/v2\/posts\/125380\/revisions\/125381"}],"wp:featuredmedia":[{"embeddable":true,"href":"https:\/\/www.actualidadadiario.com\/index.php\/wp-json\/wp\/v2\/media\/41313"}],"wp:attachment":[{"href":"https:\/\/www.actualidadadiario.com\/index.php\/wp-json\/wp\/v2\/media?parent=125380"}],"wp:term":[{"taxonomy":"category","embeddable":true,"href":"https:\/\/www.actualidadadiario.com\/index.php\/wp-json\/wp\/v2\/categories?post=125380"},{"taxonomy":"post_tag","embeddable":true,"href":"https:\/\/www.actualidadadiario.com\/index.php\/wp-json\/wp\/v2\/tags?post=125380"}],"curies":[{"name":"wp","href":"https:\/\/api.w.org\/{rel}","templated":true}]}}