{"id":125378,"date":"2025-02-21T15:05:27","date_gmt":"2025-02-21T18:05:27","guid":{"rendered":"https:\/\/www.actualidadadiario.com\/?p=125378"},"modified":"2025-02-21T15:05:27","modified_gmt":"2025-02-21T18:05:27","slug":"indec-se-perdieron-254-000-empleos-y-crecieron-la-desocupacion-y-la-subocupacion","status":"publish","type":"post","link":"https:\/\/www.actualidadadiario.com\/index.php\/2025\/02\/21\/indec-se-perdieron-254-000-empleos-y-crecieron-la-desocupacion-y-la-subocupacion\/","title":{"rendered":"INDEC: se perdieron 254.000 empleos y crecieron la desocupaci\u00f3n y la subocupaci\u00f3n"},"content":{"rendered":"<p style=\"text-align: center;\"><em><strong>La tasa de desocupaci\u00f3n se ubic\u00f3 en 7,3% de la poblaci\u00f3n econ\u00f3micamente activa; un a\u00f1o atr\u00e1s, era del 6,8%. Se trata de datos oficiales del segundo trimestre de este a\u00f1o. Las mujeres y los barrios de la zona Sur son los m\u00e1s afectados<\/strong><\/em><\/p>\n<p>&nbsp;<\/p>\n<p>&nbsp;<\/p>\n<p>Ca\u00edda de empleo, aumento del desempleo y del subempleo es lo que pas\u00f3 en el segundo trimestre de este a\u00f1o entre los que habitan en la Ciudad de Buenos Aires. Es que el Instituto Nacional de Estad\u00edsticas y Censos (Indec) dio a conocer los datos de empleo correspondientes al tercer trimestre del 2024, del cual se desprende una alarmante cifra de la Argentina de Javier Milei: en un a\u00f1o se perdieron 254 mil puestos de trabajo y, como consecuencia, creci\u00f3 fuerte la desocupaci\u00f3n.<\/p>\n<p>Por su parte, la tasa de subocupaci\u00f3n horaria registr\u00f3 el valor m\u00e1s alto de los \u00faltimos tres a\u00f1os (10,9% versus 9,4%). La poblaci\u00f3n subocupada demandante de empleo represent\u00f3 poco m\u00e1s de la mitad de la poblaci\u00f3n subocupada (50,6%) y qued\u00f3 8,8 puntos por encima de la marca del mismo trimestre de 2023.<\/p>\n<p>El n\u00famero sale del c\u00e1lculo entre las 19.227.000 personas que ten\u00edan trabajo en el tercer trimestre de 2023, contra las 18.973.000 registradas un a\u00f1o despu\u00e9s. Dentro del grupo de los ocupados, aumentaron los subocupados, que son los que trabajan menos horas en general por causas ajenas al trabajador. De esta manera, las personas ocupados plenos pasaron de 17.134.000 a 16.712.000: lo que refleja una p\u00e9rdida de 422.000 trabajadores. Por su parte, los subocupados aumentaron en 168.000 personas.<\/p>\n<p>Los datos del Indec arrojan tambi\u00e9n que dentro del personal asalariado, hubo una p\u00e9rdida de 322.000 empleados: de 13.849.000 descendi\u00f3 al 13.527.000. De este total, 5.019.000 trabajan \u201csin descuento jubilatorio ( 37,1% del total). As\u00ed casi 4 de cada 10 asalariados se desempe\u00f1an sin derechos laborales, previsionales y con salarios inferiores a los que est\u00e1n registrados, detalla un informe realizado por el periodista Ismael Berm\u00fadez de Clar\u00edn.<\/p>\n<p>El Indec se\u00f1al\u00f3 en su informe que se increment\u00f3 a 415.000 el n\u00famero personas ya ocupadas que buscan un nuevo empleo para mejorar el salario que ya tienen, o que sea referido a su profesi\u00f3n. De esta la manera entre los desocupados que buscan un empleo y los ocupados que tambi\u00e9n est\u00e1n dispuestos a cambiar de trabajo la \u201cpresi\u00f3n de la demanda laboral totaliza 4.686.000 personas ante una oferta m\u00e1s que escasa.<\/p>\n","protected":false},"excerpt":{"rendered":"<p>La tasa de desocupaci\u00f3n se ubic\u00f3 en 7,3% de la poblaci\u00f3n econ\u00f3micamente activa; un a\u00f1o atr\u00e1s, era del 6,8%. Se trata de datos oficiales del segundo trimestre de este a\u00f1o. Las mujeres y los barrios de la zona Sur son los m\u00e1s afectados &nbsp; &nbsp; Ca\u00edda de empleo, aumento del desempleo y del subempleo es lo que pas\u00f3 en el segundo trimestre de este a\u00f1o entre los que habitan en la Ciudad de Buenos Aires. Es que el Instituto Nacional de Estad\u00edsticas y Censos (Indec) dio a conocer los datos&#8230;<\/p>\n","protected":false},"author":3,"featured_media":44237,"comment_status":"closed","ping_status":"closed","sticky":false,"template":"","format":"standard","meta":[],"categories":[9],"tags":[],"_links":{"self":[{"href":"https:\/\/www.actualidadadiario.com\/index.php\/wp-json\/wp\/v2\/posts\/125378"}],"collection":[{"href":"https:\/\/www.actualidadadiario.com\/index.php\/wp-json\/wp\/v2\/posts"}],"about":[{"href":"https:\/\/www.actualidadadiario.com\/index.php\/wp-json\/wp\/v2\/types\/post"}],"author":[{"embeddable":true,"href":"https:\/\/www.actualidadadiario.com\/index.php\/wp-json\/wp\/v2\/users\/3"}],"replies":[{"embeddable":true,"href":"https:\/\/www.actualidadadiario.com\/index.php\/wp-json\/wp\/v2\/comments?post=125378"}],"version-history":[{"count":1,"href":"https:\/\/www.actualidadadiario.com\/index.php\/wp-json\/wp\/v2\/posts\/125378\/revisions"}],"predecessor-version":[{"id":125379,"href":"https:\/\/www.actualidadadiario.com\/index.php\/wp-json\/wp\/v2\/posts\/125378\/revisions\/125379"}],"wp:featuredmedia":[{"embeddable":true,"href":"https:\/\/www.actualidadadiario.com\/index.php\/wp-json\/wp\/v2\/media\/44237"}],"wp:attachment":[{"href":"https:\/\/www.actualidadadiario.com\/index.php\/wp-json\/wp\/v2\/media?parent=125378"}],"wp:term":[{"taxonomy":"category","embeddable":true,"href":"https:\/\/www.actualidadadiario.com\/index.php\/wp-json\/wp\/v2\/categories?post=125378"},{"taxonomy":"post_tag","embeddable":true,"href":"https:\/\/www.actualidadadiario.com\/index.php\/wp-json\/wp\/v2\/tags?post=125378"}],"curies":[{"name":"wp","href":"https:\/\/api.w.org\/{rel}","templated":true}]}}