{"id":125375,"date":"2025-02-21T14:55:56","date_gmt":"2025-02-21T17:55:56","guid":{"rendered":"https:\/\/www.actualidadadiario.com\/?p=125375"},"modified":"2025-02-21T14:55:56","modified_gmt":"2025-02-21T17:55:56","slug":"tarifa-electrica-la-provincia-continuara-haciendose-cargo-de-los-subsidios-que-la-nacion-elimino","status":"publish","type":"post","link":"https:\/\/www.actualidadadiario.com\/index.php\/2025\/02\/21\/tarifa-electrica-la-provincia-continuara-haciendose-cargo-de-los-subsidios-que-la-nacion-elimino\/","title":{"rendered":"Tarifa el\u00e9ctrica: La Provincia continuar\u00e1 haci\u00e9ndose cargo de los subsidios que la Naci\u00f3n elimin\u00f3"},"content":{"rendered":"<p style=\"text-align: center;\"><em><strong>Frigerio anunci\u00f3 que se mantendr\u00e1n los subsidios de luz para los usuarios que ya los ten\u00edan y que se extender\u00e1n a las familias que tienen ingresos de hasta un mill\u00f3n de pesos y tambi\u00e9n generar uno nuevo para los grupos familiares que ganan entre un mill\u00f3n y tres millones de pesos. \u201cEntendemos que la boleta de luz es una de las grandes preocupaciones de los entrerrianos, sobre todo en estos meses de calor\u201d, asegur\u00f3 el mandatario<\/strong><\/em><\/p>\n<p>&nbsp;<\/p>\n<p>&nbsp;<\/p>\n<p>Este viernes por la ma\u00f1ana se realiz\u00f3 una conferencia de prensa en la Casa de Gobierno y se hicieron presentes el gobernador, Rogelio Frigerio, la secretaria de Energ\u00eda, Noelia Zapata, y el gerente general de Enersa, Jorge Tarchini.<\/p>\n<p>En primer lugar el mandatario entrerriano anunci\u00f3 que \u201cante la decisi\u00f3n del Gobierno Nacional de continuar en la quita de subsidios de la energ\u00eda el\u00e9ctrica, que va a impactar en la boleta de luz, decidimos tomar algunas medidas\u201d.<\/p>\n<p>\u201cResolvimos incrementar los subsidios que ya ve\u00edamos otorgando a las familias que tienen ingresos de hasta un mill\u00f3n de pesos y tambi\u00e9n generar uno nuevo para los grupos familiares que ganan entre un mill\u00f3n y tres millones de pesos\u201d, explic\u00f3 el gobernador.<\/p>\n<p>Adem\u00e1s Frigerio detall\u00f3: \u201cVamos a subsidiar el 15% del Valor Agregado de Distribuci\u00f3n (VAD) que es la parte de la boleta de la luz que le corresponde a la Provincia, nos vamos a hacer cargo con recursos provinciales y tambi\u00e9n vamos a seguir destinando muchos recursos para mejorar los subsidios que ya ven\u00edamos otorgando a las Pymes y al sector productivo\u201d.<\/p>\n<p>\u201cEntendemos que la boleta de luz es una de las grandes preocupaciones de los entrerrianos, sobre todo en estos meses de calor, es por eso que decidimos en consecuencia y frente a la determinaci\u00f3n del Gobierno Nacional actuar intentando amortiguar ese impacto en el bolsillo de los habitantes de esta Provincia\u201d.<\/p>\n<p>&nbsp;<\/p>\n<p><strong>Inscripci\u00f3n al subsidio<\/strong><\/p>\n<p>Ante la consulta a la secretaria de Energ\u00eda sobre cu\u00e1l es el plazo de inscripci\u00f3n al subsidio, respondi\u00f3: \u201cSe puede realizar en cualquier momento en la p\u00e1gina de la Naci\u00f3n, que est\u00e1 abierta permanentemente\u201d.<\/p>\n<p>\u201cHay que tener en cuenta que a lo largo del tiempo pueden cambiar los ingresos de una familia, es por eso que lo tiene que hacer cada usuario en particular con los requisitos correspondientes y realizar el tr\u00e1mite de manera personal\u201d, explic\u00f3 la funcionaria.<\/p>\n<p>A continuaci\u00f3n el link para inscribirse en el Registro de Acceso a los Subsidios a la Energ\u00eda (RASE).<\/p>\n<p>&nbsp;<\/p>\n<p><strong>Ingresos altos y medios<\/strong><\/p>\n<p>\u201cLa Provincia no aument\u00f3 la luz desde el 1 de septiembre y no aumentar\u00e1 el servicio del componente provincial hasta el 30 de abril, lo que Frigerio enunci\u00f3 es que Entre R\u00edos va a absorber el aumento de la Naci\u00f3n y esto quiere decir que no vamos a trasladar a ninguna categor\u00eda de los usuarios el incremento\u201d, detall\u00f3 la secretaria de Energ\u00eda.<\/p>\n<p>A su vez, Zapata explic\u00f3 que \u201cEntre R\u00edos va a absorber la quita gradual de subsidios por parte de la Naci\u00f3n para los hogares de ingresos altos y medios que se realizar\u00e1 en febrero, marzo y abril\u201d.<\/p>\n","protected":false},"excerpt":{"rendered":"<p>Frigerio anunci\u00f3 que se mantendr\u00e1n los subsidios de luz para los usuarios que ya los ten\u00edan y que se extender\u00e1n a las familias que tienen ingresos de hasta un mill\u00f3n de pesos y tambi\u00e9n generar uno nuevo para los grupos familiares que ganan entre un mill\u00f3n y tres millones de pesos. \u201cEntendemos que la boleta de luz es una de las grandes preocupaciones de los entrerrianos, sobre todo en estos meses de calor\u201d, asegur\u00f3 el mandatario &nbsp; &nbsp; Este viernes por la ma\u00f1ana se realiz\u00f3 una conferencia de prensa en&#8230;<\/p>\n","protected":false},"author":3,"featured_media":125376,"comment_status":"closed","ping_status":"closed","sticky":false,"template":"","format":"standard","meta":[],"categories":[15],"tags":[],"_links":{"self":[{"href":"https:\/\/www.actualidadadiario.com\/index.php\/wp-json\/wp\/v2\/posts\/125375"}],"collection":[{"href":"https:\/\/www.actualidadadiario.com\/index.php\/wp-json\/wp\/v2\/posts"}],"about":[{"href":"https:\/\/www.actualidadadiario.com\/index.php\/wp-json\/wp\/v2\/types\/post"}],"author":[{"embeddable":true,"href":"https:\/\/www.actualidadadiario.com\/index.php\/wp-json\/wp\/v2\/users\/3"}],"replies":[{"embeddable":true,"href":"https:\/\/www.actualidadadiario.com\/index.php\/wp-json\/wp\/v2\/comments?post=125375"}],"version-history":[{"count":1,"href":"https:\/\/www.actualidadadiario.com\/index.php\/wp-json\/wp\/v2\/posts\/125375\/revisions"}],"predecessor-version":[{"id":125377,"href":"https:\/\/www.actualidadadiario.com\/index.php\/wp-json\/wp\/v2\/posts\/125375\/revisions\/125377"}],"wp:featuredmedia":[{"embeddable":true,"href":"https:\/\/www.actualidadadiario.com\/index.php\/wp-json\/wp\/v2\/media\/125376"}],"wp:attachment":[{"href":"https:\/\/www.actualidadadiario.com\/index.php\/wp-json\/wp\/v2\/media?parent=125375"}],"wp:term":[{"taxonomy":"category","embeddable":true,"href":"https:\/\/www.actualidadadiario.com\/index.php\/wp-json\/wp\/v2\/categories?post=125375"},{"taxonomy":"post_tag","embeddable":true,"href":"https:\/\/www.actualidadadiario.com\/index.php\/wp-json\/wp\/v2\/tags?post=125375"}],"curies":[{"name":"wp","href":"https:\/\/api.w.org\/{rel}","templated":true}]}}