{"id":125373,"date":"2025-02-21T14:53:22","date_gmt":"2025-02-21T17:53:22","guid":{"rendered":"https:\/\/www.actualidadadiario.com\/?p=125373"},"modified":"2025-02-21T14:53:22","modified_gmt":"2025-02-21T17:53:22","slug":"reiteran-que-esta-vigente-la-vacunacion-contra-el-virus-sincicial-respiratorio-para-embarazadas","status":"publish","type":"post","link":"https:\/\/www.actualidadadiario.com\/index.php\/2025\/02\/21\/reiteran-que-esta-vigente-la-vacunacion-contra-el-virus-sincicial-respiratorio-para-embarazadas\/","title":{"rendered":"Reiteran que est\u00e1 vigente la vacunaci\u00f3n contra el Virus Sincicial Respiratorio para embarazadas"},"content":{"rendered":"<p style=\"text-align: center;\"><em><strong>Desde el Ministerio de Salud se recuerda que las embarazadas de 32 a 36 semanas de gestaci\u00f3n deben recibir la vacuna contra el Virus Sincicial Respiratorio (VSR), que est\u00e1 disponible en hospitales y centros de salud<\/strong><\/em><\/p>\n<p>&nbsp;<\/p>\n<p>&nbsp;<\/p>\n<p>Esta estrategia de inmunizaci\u00f3n comenz\u00f3 en la provincia durante el mes de enero, en consonancia con el resto del pa\u00eds, y tiene como fin disminuir los casos graves de bronquiolitis en ni\u00f1os y ni\u00f1as durante los primeros seis meses de vida, etapa de mayor vulnerabilidad para padecer cuadros severos por la infecci\u00f3n por este virus.<\/p>\n<p>El jefe de la Divisi\u00f3n de Inmunizaciones del Ministerio de Salud, Claudio Niz, precis\u00f3 que desde el 20 de enero a la fecha se han aplicado 937 dosis en toda la provincia. El referente indic\u00f3: &#8220;La gente va accediendo porque hay m\u00e9dicos que la indican y tambi\u00e9n porque hay personas que ven la informaci\u00f3n y acuden para recibirla. Hemos tenido algunas embarazadas que se presentaron antes de los tiempos indicados, pero los vacunadores les informan cu\u00e1ndo tienen que volver en base a la semana de gestaci\u00f3n&#8221;.<\/p>\n<p>&nbsp;<\/p>\n<p><strong>Acerca de la vacuna<\/strong><\/p>\n<p>Se trata de una dosis \u00fanica, que debe ser administrada entre la semana 32 y 36 y 6 d\u00edas de gestaci\u00f3n. Al colocarse a la persona gestante produce una inmunizaci\u00f3n pasiva ya que transfiere anticuerpos a trav\u00e9s de la placenta y luego mediante la lactancia a la persona reci\u00e9n nacida, contribuyendo a reducir la internaci\u00f3n y mortalidad.<\/p>\n<p>La vacuna contra el VSR fue incorporada al Calendario Nacional el a\u00f1o pasado (ya que demostr\u00f3 atributos de calidad, eficacia y seguridad) y busca lograr mayor protecci\u00f3n en la poblaci\u00f3n objetivo para la \u00e9poca de mayor circulaci\u00f3n del virus, que es durante el invierno. Asimismo, se puede coadministrar junto con las otras vacunas indicadas para personas gestantes.<\/p>\n<p>De acuerdo con registros del Ministerio de Salud de la Naci\u00f3n, las Infecciones Respiratorias Agudas Bajas (IRAB), causadas por el VSR, provocan a\u00f1o tras a\u00f1o un incremento sustancial y sostenido en consultas pedi\u00e1tricas y las mayores tasas de morbilidad y mortalidad a nivel mundial durante el primer a\u00f1o de vida. Adem\u00e1s, se calcula que un tercio de las muertes en menores de un a\u00f1o son causadas por este virus y, en pa\u00edses en v\u00edas de desarrollo, los valores escalan al 97 por ciento.<\/p>\n","protected":false},"excerpt":{"rendered":"<p>Desde el Ministerio de Salud se recuerda que las embarazadas de 32 a 36 semanas de gestaci\u00f3n deben recibir la vacuna contra el Virus Sincicial Respiratorio (VSR), que est\u00e1 disponible en hospitales y centros de salud &nbsp; &nbsp; Esta estrategia de inmunizaci\u00f3n comenz\u00f3 en la provincia durante el mes de enero, en consonancia con el resto del pa\u00eds, y tiene como fin disminuir los casos graves de bronquiolitis en ni\u00f1os y ni\u00f1as durante los primeros seis meses de vida, etapa de mayor vulnerabilidad para padecer cuadros severos por la infecci\u00f3n&#8230;<\/p>\n","protected":false},"author":3,"featured_media":74680,"comment_status":"closed","ping_status":"closed","sticky":false,"template":"","format":"standard","meta":[],"categories":[15],"tags":[],"_links":{"self":[{"href":"https:\/\/www.actualidadadiario.com\/index.php\/wp-json\/wp\/v2\/posts\/125373"}],"collection":[{"href":"https:\/\/www.actualidadadiario.com\/index.php\/wp-json\/wp\/v2\/posts"}],"about":[{"href":"https:\/\/www.actualidadadiario.com\/index.php\/wp-json\/wp\/v2\/types\/post"}],"author":[{"embeddable":true,"href":"https:\/\/www.actualidadadiario.com\/index.php\/wp-json\/wp\/v2\/users\/3"}],"replies":[{"embeddable":true,"href":"https:\/\/www.actualidadadiario.com\/index.php\/wp-json\/wp\/v2\/comments?post=125373"}],"version-history":[{"count":1,"href":"https:\/\/www.actualidadadiario.com\/index.php\/wp-json\/wp\/v2\/posts\/125373\/revisions"}],"predecessor-version":[{"id":125374,"href":"https:\/\/www.actualidadadiario.com\/index.php\/wp-json\/wp\/v2\/posts\/125373\/revisions\/125374"}],"wp:featuredmedia":[{"embeddable":true,"href":"https:\/\/www.actualidadadiario.com\/index.php\/wp-json\/wp\/v2\/media\/74680"}],"wp:attachment":[{"href":"https:\/\/www.actualidadadiario.com\/index.php\/wp-json\/wp\/v2\/media?parent=125373"}],"wp:term":[{"taxonomy":"category","embeddable":true,"href":"https:\/\/www.actualidadadiario.com\/index.php\/wp-json\/wp\/v2\/categories?post=125373"},{"taxonomy":"post_tag","embeddable":true,"href":"https:\/\/www.actualidadadiario.com\/index.php\/wp-json\/wp\/v2\/tags?post=125373"}],"curies":[{"name":"wp","href":"https:\/\/api.w.org\/{rel}","templated":true}]}}