{"id":125371,"date":"2025-02-21T11:41:14","date_gmt":"2025-02-21T14:41:14","guid":{"rendered":"https:\/\/www.actualidadadiario.com\/?p=125371"},"modified":"2025-02-21T11:41:14","modified_gmt":"2025-02-21T14:41:14","slug":"agmer-el-paro-sera-total-porque-expresa-el-malestar-del-colectivo-docente-en-entre-rios","status":"publish","type":"post","link":"https:\/\/www.actualidadadiario.com\/index.php\/2025\/02\/21\/agmer-el-paro-sera-total-porque-expresa-el-malestar-del-colectivo-docente-en-entre-rios\/","title":{"rendered":"Agmer: \u201cEl paro ser\u00e1 total porque expresa el malestar del colectivo docente en Entre R\u00edos\u201d"},"content":{"rendered":"<p style=\"text-align: center;\"><em><strong>\u201cQueremos una pauta salarial que recomponga los salarios de los trabajadores\u201d, sentenci\u00f3 Zampedri; brind\u00f3 precisiones sobre la discusi\u00f3n salarial provincial y el plan nacional de lucha docente<\/strong><\/em><\/p>\n<p>&nbsp;<\/p>\n<p>&nbsp;<\/p>\n<p>Agmer se re\u00fane en congreso extraordinario para definir si acepta o rechaza la oferta salarial del gobierno provincial; se recordar\u00e1 que la propuesta consist\u00eda en la cobertura contra la inflaci\u00f3n anual; incremento del Fondo Provincial de Incentivo Docente (Fopid); compromiso para trabajar sobre el desachatamiento de la pir\u00e1mide salarial y avanzar en la implementaci\u00f3n de un boleto docente para transporte urbano con una bonificaci\u00f3n.<\/p>\n<p>\u201cLa oferta salarial del gobierno provincial es poco satisfactoria porque no da respuesta a lo que venimos demandando\u201d, anticip\u00f3 el secretario gremial de Agmer, Guillermo Zampedri.<\/p>\n<p>En la oportunidad, fundament\u00f3 por qu\u00e9 Agmer adhiere al paro nacional docente al que convoc\u00f3 CTERA para el lunes, en coincidencia con el comienzo del ciclo lectivo 2025.<\/p>\n<p>\u201cAgmer acompa\u00f1a ese proceso en reivindicaci\u00f3n de orden nacional, como lo es la apertura inmediata de la paritaria nacional docente, el reclamo por la restituci\u00f3n del Fonid y Conectividad para todas las provincias y con financiamiento nacional, fondos nacionales para copa de leche y refuerzo alimentario, un refuerzo a las partidas para los programas socio-educativos e infraestructura. Son demandas de car\u00e1cter nacional que nos llevan a una huelga definida por CTERA\u201d, fundament\u00f3 Zampedri. \u201cSe dan dos procesos simult\u00e1neos: la discusi\u00f3n salarial provincial y el plan de lucha nacional\u201d, indic\u00f3.<\/p>\n<p>Y continu\u00f3: \u201cEl paro ser\u00e1 total porque expresa el malestar del colectivo docente en Entre R\u00edos; la huelga tendr\u00e1 un acatamiento alt\u00edsimo y expresar\u00e1 el sentimiento del compa\u00f1ero respecto a las reivindicaciones nacionales, adem\u00e1s de la necesidad de una pauta salarial provincial que recomponga lo perdido en los \u00faltimos meses\u201d.<\/p>\n<p>Consultado a Zampedri c\u00f3mo contin\u00faan las negociaciones salariales con Provincia en paritarias, \u00e9ste repas\u00f3: \u201cAgmer decret\u00f3 el estado de beligerancia y conflicto, lo cual implica que la secretar\u00eda de Trabajo debe convocar a una \u00faltima audiencia de medicaci\u00f3n y conciliaci\u00f3n administrativa, que est\u00e1 prevista para el martes; a esa reuni\u00f3n iremos con las demandas de este congreso\u201d. \u201cQueremos una pauta salarial que recomponga los salarios de los trabajadores\u201d, sentenci\u00f3.<\/p>\n","protected":false},"excerpt":{"rendered":"<p>\u201cQueremos una pauta salarial que recomponga los salarios de los trabajadores\u201d, sentenci\u00f3 Zampedri; brind\u00f3 precisiones sobre la discusi\u00f3n salarial provincial y el plan nacional de lucha docente &nbsp; &nbsp; Agmer se re\u00fane en congreso extraordinario para definir si acepta o rechaza la oferta salarial del gobierno provincial; se recordar\u00e1 que la propuesta consist\u00eda en la cobertura contra la inflaci\u00f3n anual; incremento del Fondo Provincial de Incentivo Docente (Fopid); compromiso para trabajar sobre el desachatamiento de la pir\u00e1mide salarial y avanzar en la implementaci\u00f3n de un boleto docente para transporte urbano&#8230;<\/p>\n","protected":false},"author":3,"featured_media":42276,"comment_status":"closed","ping_status":"closed","sticky":false,"template":"","format":"standard","meta":[],"categories":[15],"tags":[],"_links":{"self":[{"href":"https:\/\/www.actualidadadiario.com\/index.php\/wp-json\/wp\/v2\/posts\/125371"}],"collection":[{"href":"https:\/\/www.actualidadadiario.com\/index.php\/wp-json\/wp\/v2\/posts"}],"about":[{"href":"https:\/\/www.actualidadadiario.com\/index.php\/wp-json\/wp\/v2\/types\/post"}],"author":[{"embeddable":true,"href":"https:\/\/www.actualidadadiario.com\/index.php\/wp-json\/wp\/v2\/users\/3"}],"replies":[{"embeddable":true,"href":"https:\/\/www.actualidadadiario.com\/index.php\/wp-json\/wp\/v2\/comments?post=125371"}],"version-history":[{"count":1,"href":"https:\/\/www.actualidadadiario.com\/index.php\/wp-json\/wp\/v2\/posts\/125371\/revisions"}],"predecessor-version":[{"id":125372,"href":"https:\/\/www.actualidadadiario.com\/index.php\/wp-json\/wp\/v2\/posts\/125371\/revisions\/125372"}],"wp:featuredmedia":[{"embeddable":true,"href":"https:\/\/www.actualidadadiario.com\/index.php\/wp-json\/wp\/v2\/media\/42276"}],"wp:attachment":[{"href":"https:\/\/www.actualidadadiario.com\/index.php\/wp-json\/wp\/v2\/media?parent=125371"}],"wp:term":[{"taxonomy":"category","embeddable":true,"href":"https:\/\/www.actualidadadiario.com\/index.php\/wp-json\/wp\/v2\/categories?post=125371"},{"taxonomy":"post_tag","embeddable":true,"href":"https:\/\/www.actualidadadiario.com\/index.php\/wp-json\/wp\/v2\/tags?post=125371"}],"curies":[{"name":"wp","href":"https:\/\/api.w.org\/{rel}","templated":true}]}}