{"id":125368,"date":"2025-02-21T11:40:02","date_gmt":"2025-02-21T14:40:02","guid":{"rendered":"https:\/\/www.actualidadadiario.com\/?p=125368"},"modified":"2025-02-21T11:40:23","modified_gmt":"2025-02-21T14:40:23","slug":"el-gobierno-provincial-adelanto-que-descontaran-a-docentes-que-hagan-paro-el-lunes","status":"publish","type":"post","link":"https:\/\/www.actualidadadiario.com\/index.php\/2025\/02\/21\/el-gobierno-provincial-adelanto-que-descontaran-a-docentes-que-hagan-paro-el-lunes\/","title":{"rendered":"El Gobierno provincial adelant\u00f3 que descontar\u00e1n a docentes que hagan paro el lunes"},"content":{"rendered":"<p style=\"text-align: center;\"><em><strong>El Gobierno descontar\u00e1 el d\u00eda de paro que los docentes cumplir\u00e1n el lunes en el marco de la medida de fuerza convocada por la Confederaci\u00f3n de Trabajadores de la Educaci\u00f3n de la Rep\u00fablica Argentina (Ctera) y la Confederaci\u00f3n General del Trabajo (CGT), y a la que adhieren las entidades sindicales locales, en demanda de la apertura de la paritaria salarial docente<\/strong><\/em><\/p>\n<p>&nbsp;<\/p>\n<p>&nbsp;<\/p>\n<p>Aqu\u00ed adhieren a esa medida de fuerza la Asociaci\u00f3n Gremial del Magisterio de Entre R\u00edos (Agmer), la Asociaci\u00f3n del Magisterio de Entre R\u00edos (Amet), el Sindicato Argentino de Docentes Particulares (Sadop) y la Uni\u00f3n Docentes Argentinos (UDA).<\/p>\n<p>De ese modo se entorpecer\u00e1 el normal inicio del ciclo lectivo 2025, proyectado con 190 d\u00edas de clases.<\/p>\n<p>\u00abPara nosotros, el conflicto nacional es un poco dif\u00edcil de expresarnos porque no est\u00e1 dentro de nuestro margen de acci\u00f3n\u00bb, respondi\u00f3 Conrado Lamboglia, secretario general del Consejo General de Educaci\u00f3n (CGE), en di\u00e1logo con el programa Puro Cuento de Radio Plaza 94.7. Aunque adelant\u00f3 que la postura oficial es descontar los d\u00edas no trabajados.<\/p>\n<p>Respecto a la marcha de la negociaci\u00f3n paritaria salarial, explic\u00f3: \u00abNosotros estamos trabajando a conciencia, el Ministerio de Econom\u00eda de la provincia est\u00e1 trabajando en la elaboraci\u00f3n de una propuesta para el d\u00eda 25, superadora de lo que llevamos el d\u00eda ayer (por este mi\u00e9rcoles)\u00bb.<\/p>\n<p>Dijo Lamboglia que el conflicto y el paro del lunes \u00abescapa a nuestras posibilidades de acci\u00f3n. Por lo tanto, nosotros no tenemos mucho para decir en ese sentido. Lo que s\u00ed venimos sosteniendo es que para nosotros el d\u00eda que no se trabaja, no se paga; lo mismo sostenemos en este caso\u00bb.<\/p>\n","protected":false},"excerpt":{"rendered":"<p>El Gobierno descontar\u00e1 el d\u00eda de paro que los docentes cumplir\u00e1n el lunes en el marco de la medida de fuerza convocada por la Confederaci\u00f3n de Trabajadores de la Educaci\u00f3n de la Rep\u00fablica Argentina (Ctera) y la Confederaci\u00f3n General del Trabajo (CGT), y a la que adhieren las entidades sindicales locales, en demanda de la apertura de la paritaria salarial docente &nbsp; &nbsp; Aqu\u00ed adhieren a esa medida de fuerza la Asociaci\u00f3n Gremial del Magisterio de Entre R\u00edos (Agmer), la Asociaci\u00f3n del Magisterio de Entre R\u00edos (Amet), el Sindicato Argentino&#8230;<\/p>\n","protected":false},"author":3,"featured_media":58921,"comment_status":"closed","ping_status":"closed","sticky":false,"template":"","format":"standard","meta":[],"categories":[15],"tags":[],"_links":{"self":[{"href":"https:\/\/www.actualidadadiario.com\/index.php\/wp-json\/wp\/v2\/posts\/125368"}],"collection":[{"href":"https:\/\/www.actualidadadiario.com\/index.php\/wp-json\/wp\/v2\/posts"}],"about":[{"href":"https:\/\/www.actualidadadiario.com\/index.php\/wp-json\/wp\/v2\/types\/post"}],"author":[{"embeddable":true,"href":"https:\/\/www.actualidadadiario.com\/index.php\/wp-json\/wp\/v2\/users\/3"}],"replies":[{"embeddable":true,"href":"https:\/\/www.actualidadadiario.com\/index.php\/wp-json\/wp\/v2\/comments?post=125368"}],"version-history":[{"count":2,"href":"https:\/\/www.actualidadadiario.com\/index.php\/wp-json\/wp\/v2\/posts\/125368\/revisions"}],"predecessor-version":[{"id":125370,"href":"https:\/\/www.actualidadadiario.com\/index.php\/wp-json\/wp\/v2\/posts\/125368\/revisions\/125370"}],"wp:featuredmedia":[{"embeddable":true,"href":"https:\/\/www.actualidadadiario.com\/index.php\/wp-json\/wp\/v2\/media\/58921"}],"wp:attachment":[{"href":"https:\/\/www.actualidadadiario.com\/index.php\/wp-json\/wp\/v2\/media?parent=125368"}],"wp:term":[{"taxonomy":"category","embeddable":true,"href":"https:\/\/www.actualidadadiario.com\/index.php\/wp-json\/wp\/v2\/categories?post=125368"},{"taxonomy":"post_tag","embeddable":true,"href":"https:\/\/www.actualidadadiario.com\/index.php\/wp-json\/wp\/v2\/tags?post=125368"}],"curies":[{"name":"wp","href":"https:\/\/api.w.org\/{rel}","templated":true}]}}